{"id":82917,"date":"2025-05-09T07:08:15","date_gmt":"2025-05-09T13:08:15","guid":{"rendered":"https:\/\/elinformante.mx\/?p=82917"},"modified":"2025-05-12T02:37:24","modified_gmt":"2025-05-12T08:37:24","slug":"acusa-omar-garcia-harfuch-a-jueces-que-liberaron-a-mas-de-un-centenar-de-delincuentes","status":"publish","type":"post","link":"https:\/\/elinformante.mx\/?p=82917","title":{"rendered":"ACUSA OMAR GARC\u00cdA HARFUCH A JUECES QUE LIBERARON A M\u00c1S DE UN CENTENAR DE DELINCUENTES"},"content":{"rendered":"\n<figure class=\"wp-block-pullquote\"><blockquote><p>Los delitos imputados a los criminales son secuestro, privaci\u00f3n ilegal de la libertad, homicidio y portaci\u00f3n de arma de fuego de uso exclusivo del Ej\u00e9rcito.<\/p><\/blockquote><\/figure>\n\n\n\n<p class=\"has-drop-cap\">El titular de la Secretar\u00eda de Seguridad y Protecci\u00f3n Ciudadana (SSPC), Omar Garc\u00eda Harfuch, lanz\u00f3 una fuerte acusaci\u00f3n contra los jueces del Poder Judicial, a los cuales se\u00f1al\u00f3 de haber favorecido la liberaci\u00f3n de m\u00e1s de 100 presuntos delincuentes mediante cambios de medidas cautelares.<br><\/p>\n\n\n\n<p>Inform\u00f3 que estas liberaciones se dieron en el periodo de octubre de 2024 y abril de 2025. Adem\u00e1s se\u00f1al\u00f3 que tiene registradas 193 determinaciones judiciales que beneficiaron a personas procesadas por delitos de alto impacto. Esto deriv\u00f3 en 164 egresos por cambio de medida cautelar y 2 egresos definitivos.<br><\/p>\n\n\n\n<figure class=\"wp-block-image size-large\"><img fetchpriority=\"high\" decoding=\"async\" width=\"1024\" height=\"506\" src=\"https:\/\/elinformante.mx\/wp-content\/uploads\/2025\/05\/9HARFUCH-2-1024x506.jpg\" alt=\"\" class=\"wp-image-82919\" srcset=\"https:\/\/elinformante.mx\/wp-content\/uploads\/2025\/05\/9HARFUCH-2-1024x506.jpg 1024w, https:\/\/elinformante.mx\/wp-content\/uploads\/2025\/05\/9HARFUCH-2-300x148.jpg 300w, https:\/\/elinformante.mx\/wp-content\/uploads\/2025\/05\/9HARFUCH-2-768x379.jpg 768w, https:\/\/elinformante.mx\/wp-content\/uploads\/2025\/05\/9HARFUCH-2.jpg 1140w\" sizes=\"(max-width: 1024px) 100vw, 1024px\" \/><\/figure>\n\n\n\n<p>Adem\u00e1s de se\u00f1alar de manera directa a Enrique Hern\u00e1ndez Miranda, juez en Sonora, como responsable de 58 resoluciones que permitieron la salida de personas privadas de la libertad, vinculadas a delitos de alto impacto. Tambi\u00e9n mencion\u00f3 a An\u00edbal Castro Borb\u00f3n, del mismo estado, con 15 resoluciones similares.<br><\/p>\n\n\n\n<p>Pero los se\u00f1alamientos no se quedaron en estos, tambi\u00e9n identific\u00f3 a Silvestre Pe\u00f1a Crespo por emitir 5 resoluciones de traslado de internos entre centros federales de readaptaci\u00f3n social, sin considerar las condiciones de seguridad requeridas para los reclusos.<br><\/p>\n\n\n\n<figure class=\"wp-block-image size-large\"><img decoding=\"async\" width=\"1024\" height=\"506\" src=\"https:\/\/elinformante.mx\/wp-content\/uploads\/2025\/05\/9HARFUCH-4-1024x506.jpg\" alt=\"\" class=\"wp-image-82920\" srcset=\"https:\/\/elinformante.mx\/wp-content\/uploads\/2025\/05\/9HARFUCH-4-1024x506.jpg 1024w, https:\/\/elinformante.mx\/wp-content\/uploads\/2025\/05\/9HARFUCH-4-300x148.jpg 300w, https:\/\/elinformante.mx\/wp-content\/uploads\/2025\/05\/9HARFUCH-4-768x379.jpg 768w, https:\/\/elinformante.mx\/wp-content\/uploads\/2025\/05\/9HARFUCH-4.jpg 1140w\" sizes=\"(max-width: 1024px) 100vw, 1024px\" \/><\/figure>\n\n\n\n<p>En el informe que present\u00f3, se\u00f1al\u00f3 que 42 jueces intervinieron en las 164 liberaciones por cambio de medida cautelar. Se suman 27 traslados de internos a otros centros penitenciarios, muchos de ellos considerados como de m\u00ednima seguridad, a pesar de que la SSPC consideraba no viables dichos movimientos.<br><\/p>\n\n\n\n<p>Los delitos relacionados con estas personas incluyen secuestro, privaci\u00f3n ilegal de la libertad, homicidio, portaci\u00f3n de arma de fuego de uso exclusivo del Ej\u00e9rcito, entre otros delitos clasificados como de alto impacto.<br><\/p>\n\n\n\n<figure class=\"wp-block-image size-large\"><img decoding=\"async\" width=\"1024\" height=\"506\" src=\"https:\/\/elinformante.mx\/wp-content\/uploads\/2025\/05\/9HARFUCH-3-1024x506.jpg\" alt=\"\" class=\"wp-image-82921\" srcset=\"https:\/\/elinformante.mx\/wp-content\/uploads\/2025\/05\/9HARFUCH-3-1024x506.jpg 1024w, https:\/\/elinformante.mx\/wp-content\/uploads\/2025\/05\/9HARFUCH-3-300x148.jpg 300w, https:\/\/elinformante.mx\/wp-content\/uploads\/2025\/05\/9HARFUCH-3-768x379.jpg 768w, https:\/\/elinformante.mx\/wp-content\/uploads\/2025\/05\/9HARFUCH-3.jpg 1140w\" sizes=\"(max-width: 1024px) 100vw, 1024px\" \/><\/figure>\n\n\n\n<p>Inform\u00f3 que de octubre de 2024 a abril de 2025, la SSPC detect\u00f3 la liberaci\u00f3n de 26 personas presuntamente pertenecientes a organizaciones como el C\u00e1rtel de Sinaloa, C\u00e1rtel del Golfo, C\u00e1rtel Jalisco Nueva Generaci\u00f3n, La Familia Michoacana, Zetas y Los Rojos, entre otros.<br><\/p>\n\n\n\n<p>El secretario Garc\u00eda Harfuch afirm\u00f3 que estas decisiones judiciales no solo contradicen las recomendaciones de seguridad, sino que adem\u00e1s permiten que personas con v\u00ednculos criminales regresen a las calles.<br><\/p>\n\n\n\n<figure class=\"wp-block-image size-large\"><img loading=\"lazy\" decoding=\"async\" width=\"1024\" height=\"506\" src=\"https:\/\/elinformante.mx\/wp-content\/uploads\/2025\/05\/9HARFUCH-5-1024x506.jpg\" alt=\"\" class=\"wp-image-82922\" srcset=\"https:\/\/elinformante.mx\/wp-content\/uploads\/2025\/05\/9HARFUCH-5-1024x506.jpg 1024w, https:\/\/elinformante.mx\/wp-content\/uploads\/2025\/05\/9HARFUCH-5-300x148.jpg 300w, https:\/\/elinformante.mx\/wp-content\/uploads\/2025\/05\/9HARFUCH-5-768x379.jpg 768w, https:\/\/elinformante.mx\/wp-content\/uploads\/2025\/05\/9HARFUCH-5.jpg 1140w\" sizes=\"(max-width: 1024px) 100vw, 1024px\" \/><\/figure>\n\n\n\n<p>Durante la conferencia, Alejandro Gertz Manero, titular de la Fiscal\u00eda General de la Rep\u00fablica (FGR). Denunci\u00f3 un acuerdo interno en el Poder Judicial que impide iniciar procesos penales contra jueces sin autorizaci\u00f3n previa del mismo poder.<br><\/p>\n\n\n\n<p>El fiscal explic\u00f3 que, pese a contar con evidencia de conductas ilegales. La FGR, dijo, ha sido limitada por dicho acuerdo, que proh\u00edbe actuar contra jueces, magistrados o ministros sin una autorizaci\u00f3n interna.<br><\/p>\n\n\n\n<figure class=\"wp-block-image size-large\"><img loading=\"lazy\" decoding=\"async\" width=\"1024\" height=\"506\" src=\"https:\/\/elinformante.mx\/wp-content\/uploads\/2025\/05\/9HARFUCH-1024x506.jpg\" alt=\"\" class=\"wp-image-82923\" srcset=\"https:\/\/elinformante.mx\/wp-content\/uploads\/2025\/05\/9HARFUCH-1024x506.jpg 1024w, https:\/\/elinformante.mx\/wp-content\/uploads\/2025\/05\/9HARFUCH-300x148.jpg 300w, https:\/\/elinformante.mx\/wp-content\/uploads\/2025\/05\/9HARFUCH-768x379.jpg 768w, https:\/\/elinformante.mx\/wp-content\/uploads\/2025\/05\/9HARFUCH.jpg 1140w\" sizes=\"(max-width: 1024px) 100vw, 1024px\" \/><\/figure>\n\n\n\n<p>Gertz Manero indic\u00f3 que esta restricci\u00f3n cambiar\u00e1 con la reforma judicial en marcha. A\u00f1adi\u00f3 que, aunque el acuerdo tiene a\u00f1os de vigencia, no aplica a todo el Poder Judicial. Pero s\u00ed a casos espec\u00edficos de jueces que presuntamente han abusado de su funci\u00f3n.<br><\/p>\n\n\n\n<p>Finalmente, reiter\u00f3 que una vez que un caso se judicializa, la \u00fanica autoridad competente es el juez, dejando a la FGR sin atribuciones durante el desarrollo del proceso penal.<\/p>\n\n\n\n<figure class=\"wp-block-image size-large\"><img loading=\"lazy\" decoding=\"async\" width=\"1024\" height=\"506\" src=\"https:\/\/elinformante.mx\/wp-content\/uploads\/2025\/05\/9HARFUCH-6-1024x506.jpg\" alt=\"\" class=\"wp-image-82924\" srcset=\"https:\/\/elinformante.mx\/wp-content\/uploads\/2025\/05\/9HARFUCH-6-1024x506.jpg 1024w, https:\/\/elinformante.mx\/wp-content\/uploads\/2025\/05\/9HARFUCH-6-300x148.jpg 300w, https:\/\/elinformante.mx\/wp-content\/uploads\/2025\/05\/9HARFUCH-6-768x379.jpg 768w, https:\/\/elinformante.mx\/wp-content\/uploads\/2025\/05\/9HARFUCH-6.jpg 1140w\" sizes=\"(max-width: 1024px) 100vw, 1024px\" \/><\/figure>\n","protected":false},"excerpt":{"rendered":"<p>Los delitos imputados a los criminales son secuestro, privaci\u00f3n ilegal de la libertad, homicidio y portaci\u00f3n de arma de fuego de uso exclusivo del Ej\u00e9rcito. El titular de la Secretar\u00eda de Seguridad y Protecci\u00f3n Ciudadana (SSPC), Omar Garc\u00eda Harfuch, lanz\u00f3 una fuerte acusaci\u00f3n contra los jueces del Poder Judicial, a los cuales se\u00f1al\u00f3 de haber [&hellip;]<\/p>\n","protected":false},"author":1,"featured_media":82918,"comment_status":"closed","ping_status":"closed","sticky":false,"template":"","format":"standard","meta":{"footnotes":""},"categories":[30,34,31],"tags":[47],"class_list":["post-82917","post","type-post","status-publish","format-standard","has-post-thumbnail","hentry","category-destacado","category-nacional","category-portada","tag-portadanacional"],"_links":{"self":[{"href":"https:\/\/elinformante.mx\/index.php?rest_route=\/wp\/v2\/posts\/82917","targetHints":{"allow":["GET"]}}],"collection":[{"href":"https:\/\/elinformante.mx\/index.php?rest_route=\/wp\/v2\/posts"}],"about":[{"href":"https:\/\/elinformante.mx\/index.php?rest_route=\/wp\/v2\/types\/post"}],"author":[{"embeddable":true,"href":"https:\/\/elinformante.mx\/index.php?rest_route=\/wp\/v2\/users\/1"}],"replies":[{"embeddable":true,"href":"https:\/\/elinformante.mx\/index.php?rest_route=%2Fwp%2Fv2%2Fcomments&post=82917"}],"version-history":[{"count":0,"href":"https:\/\/elinformante.mx\/index.php?rest_route=\/wp\/v2\/posts\/82917\/revisions"}],"wp:featuredmedia":[{"embeddable":true,"href":"https:\/\/elinformante.mx\/index.php?rest_route=\/wp\/v2\/media\/82918"}],"wp:attachment":[{"href":"https:\/\/elinformante.mx\/index.php?rest_route=%2Fwp%2Fv2%2Fmedia&parent=82917"}],"wp:term":[{"taxonomy":"category","embeddable":true,"href":"https:\/\/elinformante.mx\/index.php?rest_route=%2Fwp%2Fv2%2Fcategories&post=82917"},{"taxonomy":"post_tag","embeddable":true,"href":"https:\/\/elinformante.mx\/index.php?rest_route=%2Fwp%2Fv2%2Ftags&post=82917"}],"curies":[{"name":"wp","href":"https:\/\/api.w.org\/{rel}","templated":true}]}}