{"id":82927,"date":"2025-05-09T14:42:57","date_gmt":"2025-05-09T20:42:57","guid":{"rendered":"https:\/\/elinformante.mx\/?p=82927"},"modified":"2025-05-12T02:37:23","modified_gmt":"2025-05-12T08:37:23","slug":"asesinan-a-joven-tras-ser-acusado-de-robo-en-jilotepec","status":"publish","type":"post","link":"https:\/\/elinformante.mx\/?p=82927","title":{"rendered":"ASESINAN A JOVEN TRAS SER ACUSADO DE ROBO EN JILOTEPEC"},"content":{"rendered":"\n<p>Un joven de 23 a\u00f1os, identificado como Cristian, fue asesinado a balazos en el patio de una vivienda ubicada en la comunidad de San Pablo Huantepec, en el municipio de Jilotepec, Estado de M\u00e9xico, luego de ser acusado de robar cableado el\u00e9ctrico.<\/p>\n\n\n\n<p>El hecho ocurri\u00f3 sobre la calle Los Olivos. La v\u00edctima, que se encontraba sin camisa, recibi\u00f3 impactos de escopeta, presuntamente a manos de un habitante del lugar.<\/p>\n\n\n\n<p>Al sitio arribaron servicios de emergencia tras una llamada al 911, pero \u00fanicamente pudieron confirmar el fallecimiento debido a la gravedad de las heridas. La zona fue resguardada por elementos de la polic\u00eda municipal y estatal, en espera del arribo del Ministerio P\u00fablico y personal del Servicio M\u00e9dico Forense.<\/p>\n\n\n\n<p>El cuerpo fue levantado y trasladado al Semefo para las diligencias correspondientes. La Fiscal\u00eda General de Justicia del Estado de M\u00e9xico ha iniciado una carpeta de investigaci\u00f3n para esclarecer el crimen y ubicar al o los responsables.<\/p>\n","protected":false},"excerpt":{"rendered":"<p>Un joven de 23 a\u00f1os, identificado como Cristian, fue asesinado a balazos en el patio de una vivienda ubicada en la comunidad de San Pablo Huantepec, en el municipio de Jilotepec, Estado de M\u00e9xico, luego de ser acusado de robar cableado el\u00e9ctrico. El hecho ocurri\u00f3 sobre la calle Los Olivos. La v\u00edctima, que se encontraba [&hellip;]<\/p>\n","protected":false},"author":2,"featured_media":82928,"comment_status":"closed","ping_status":"closed","sticky":false,"template":"","format":"standard","meta":{"footnotes":""},"categories":[36],"tags":[],"class_list":["post-82927","post","type-post","status-publish","format-standard","has-post-thumbnail","hentry","category-edomex"],"_links":{"self":[{"href":"https:\/\/elinformante.mx\/index.php?rest_route=\/wp\/v2\/posts\/82927","targetHints":{"allow":["GET"]}}],"collection":[{"href":"https:\/\/elinformante.mx\/index.php?rest_route=\/wp\/v2\/posts"}],"about":[{"href":"https:\/\/elinformante.mx\/index.php?rest_route=\/wp\/v2\/types\/post"}],"author":[{"embeddable":true,"href":"https:\/\/elinformante.mx\/index.php?rest_route=\/wp\/v2\/users\/2"}],"replies":[{"embeddable":true,"href":"https:\/\/elinformante.mx\/index.php?rest_route=%2Fwp%2Fv2%2Fcomments&post=82927"}],"version-history":[{"count":0,"href":"https:\/\/elinformante.mx\/index.php?rest_route=\/wp\/v2\/posts\/82927\/revisions"}],"wp:featuredmedia":[{"embeddable":true,"href":"https:\/\/elinformante.mx\/index.php?rest_route=\/wp\/v2\/media\/82928"}],"wp:attachment":[{"href":"https:\/\/elinformante.mx\/index.php?rest_route=%2Fwp%2Fv2%2Fmedia&parent=82927"}],"wp:term":[{"taxonomy":"category","embeddable":true,"href":"https:\/\/elinformante.mx\/index.php?rest_route=%2Fwp%2Fv2%2Fcategories&post=82927"},{"taxonomy":"post_tag","embeddable":true,"href":"https:\/\/elinformante.mx\/index.php?rest_route=%2Fwp%2Fv2%2Ftags&post=82927"}],"curies":[{"name":"wp","href":"https:\/\/api.w.org\/{rel}","templated":true}]}}