{"id":82930,"date":"2025-05-09T15:47:29","date_gmt":"2025-05-09T21:47:29","guid":{"rendered":"https:\/\/elinformante.mx\/?p=82930"},"modified":"2025-05-12T02:37:23","modified_gmt":"2025-05-12T08:37:23","slug":"sheinbaum-anuncia-que-no-ira-a-misa-del-papa-leon-xiv","status":"publish","type":"post","link":"https:\/\/elinformante.mx\/?p=82930","title":{"rendered":"SHEINBAUM ANUNCIA QUE NO IR\u00c1 A MISA DEL PAPA LE\u00d3N XIV"},"content":{"rendered":"\n<p>En la conferencia matutina de hoy, la presidenta de M\u00e9xico, Claudia Sheinbaum Pardo, indic\u00f3 que no asistir\u00e1 a la misa de inauguraci\u00f3n del pontificado del papa Le\u00f3n XIV, el pr\u00f3ximo 18 de mayo, en el Vaticano.<\/p>\n\n\n\n<p>Sheinbaum, se\u00f1al\u00f3 \u201cLo vamos a invitar para que venga a M\u00e9xico, ya habr\u00e1 oportunidad de invitarle, y no creo que vaya la a la misa, no s\u00e9 si Rosa Icela va a querer ir de nuevo, como representante nuevamente, pero le deseamos siempre lo mejor, y que sea un l\u00edder para la construcci\u00f3n de la paz en nuestro mundo\u201d.<\/p>\n","protected":false},"excerpt":{"rendered":"<p>En la conferencia matutina de hoy, la presidenta de M\u00e9xico, Claudia Sheinbaum Pardo, indic\u00f3 que no asistir\u00e1 a la misa de inauguraci\u00f3n del pontificado del papa Le\u00f3n XIV, el pr\u00f3ximo 18 de mayo, en el Vaticano. Sheinbaum, se\u00f1al\u00f3 \u201cLo vamos a invitar para que venga a M\u00e9xico, ya habr\u00e1 oportunidad de invitarle, y no creo [&hellip;]<\/p>\n","protected":false},"author":2,"featured_media":82931,"comment_status":"closed","ping_status":"closed","sticky":false,"template":"","format":"standard","meta":{"footnotes":""},"categories":[33,34],"tags":[],"class_list":["post-82930","post","type-post","status-publish","format-standard","has-post-thumbnail","hentry","category-mundo","category-nacional"],"_links":{"self":[{"href":"https:\/\/elinformante.mx\/index.php?rest_route=\/wp\/v2\/posts\/82930","targetHints":{"allow":["GET"]}}],"collection":[{"href":"https:\/\/elinformante.mx\/index.php?rest_route=\/wp\/v2\/posts"}],"about":[{"href":"https:\/\/elinformante.mx\/index.php?rest_route=\/wp\/v2\/types\/post"}],"author":[{"embeddable":true,"href":"https:\/\/elinformante.mx\/index.php?rest_route=\/wp\/v2\/users\/2"}],"replies":[{"embeddable":true,"href":"https:\/\/elinformante.mx\/index.php?rest_route=%2Fwp%2Fv2%2Fcomments&post=82930"}],"version-history":[{"count":0,"href":"https:\/\/elinformante.mx\/index.php?rest_route=\/wp\/v2\/posts\/82930\/revisions"}],"wp:featuredmedia":[{"embeddable":true,"href":"https:\/\/elinformante.mx\/index.php?rest_route=\/wp\/v2\/media\/82931"}],"wp:attachment":[{"href":"https:\/\/elinformante.mx\/index.php?rest_route=%2Fwp%2Fv2%2Fmedia&parent=82930"}],"wp:term":[{"taxonomy":"category","embeddable":true,"href":"https:\/\/elinformante.mx\/index.php?rest_route=%2Fwp%2Fv2%2Fcategories&post=82930"},{"taxonomy":"post_tag","embeddable":true,"href":"https:\/\/elinformante.mx\/index.php?rest_route=%2Fwp%2Fv2%2Ftags&post=82930"}],"curies":[{"name":"wp","href":"https:\/\/api.w.org\/{rel}","templated":true}]}}