{"id":82936,"date":"2025-05-09T15:51:31","date_gmt":"2025-05-09T21:51:31","guid":{"rendered":"https:\/\/elinformante.mx\/?p=82936"},"modified":"2025-05-12T02:37:22","modified_gmt":"2025-05-12T08:37:22","slug":"faitelson-arremete-contra-jose-ramon-fernandez","status":"publish","type":"post","link":"https:\/\/elinformante.mx\/?p=82936","title":{"rendered":"FAITELSON ARREMETE CONTRA JOS\u00c9 RAM\u00d3N FERN\u00c1NDEZ"},"content":{"rendered":"\n<p>El periodista David Faitelson arremeti\u00f3 contra su mentor Jos\u00e9 Ram\u00f3n Fern\u00e1ndez, luego de que lo llamara \u201csicario\u201d, ante esto Faitelson acus\u00f3 a su exjefe en TV Azteca de consumir coca\u00edna.<\/p>\n\n\n\n<p>En X Faitelson escribi\u00f3 \u201cUsted se refiere a mi como \u201csicario\u201d, una palabra muy dura en los tiempos que vive el pa\u00eds. Siento mucho que sea tan irresponsable. Debe ser la edad. Ahora bien, quiz\u00e1, se le venga a memoria lo de \u201csicario\u201d por aquellos graves problemas que tuvo usted con el consumo de coca\u00edna en la parte final de su estad\u00eda en TV Azteca\u201d.<\/p>\n\n\n\n<p>En otra publicaci\u00f3n, dijo \u201cNo permitir\u00e9 que nadie me ofenda, que nadie lastime mi reputaci\u00f3n, mi dignidad y la de mi familia. \u00a1Se acab\u00f3! Fueron m\u00e1s de 30 a\u00f1os de un maltrato emocional, psicol\u00f3gico y hasta f\u00edsico\u201d.<\/p>\n","protected":false},"excerpt":{"rendered":"<p>El periodista David Faitelson arremeti\u00f3 contra su mentor Jos\u00e9 Ram\u00f3n Fern\u00e1ndez, luego de que lo llamara \u201csicario\u201d, ante esto Faitelson acus\u00f3 a su exjefe en TV Azteca de consumir coca\u00edna. En X Faitelson escribi\u00f3 \u201cUsted se refiere a mi como \u201csicario\u201d, una palabra muy dura en los tiempos que vive el pa\u00eds. Siento mucho que [&hellip;]<\/p>\n","protected":false},"author":2,"featured_media":82937,"comment_status":"closed","ping_status":"closed","sticky":false,"template":"","format":"standard","meta":{"footnotes":""},"categories":[38,34],"tags":[],"class_list":["post-82936","post","type-post","status-publish","format-standard","has-post-thumbnail","hentry","category-deportes","category-nacional"],"_links":{"self":[{"href":"https:\/\/elinformante.mx\/index.php?rest_route=\/wp\/v2\/posts\/82936","targetHints":{"allow":["GET"]}}],"collection":[{"href":"https:\/\/elinformante.mx\/index.php?rest_route=\/wp\/v2\/posts"}],"about":[{"href":"https:\/\/elinformante.mx\/index.php?rest_route=\/wp\/v2\/types\/post"}],"author":[{"embeddable":true,"href":"https:\/\/elinformante.mx\/index.php?rest_route=\/wp\/v2\/users\/2"}],"replies":[{"embeddable":true,"href":"https:\/\/elinformante.mx\/index.php?rest_route=%2Fwp%2Fv2%2Fcomments&post=82936"}],"version-history":[{"count":0,"href":"https:\/\/elinformante.mx\/index.php?rest_route=\/wp\/v2\/posts\/82936\/revisions"}],"wp:featuredmedia":[{"embeddable":true,"href":"https:\/\/elinformante.mx\/index.php?rest_route=\/wp\/v2\/media\/82937"}],"wp:attachment":[{"href":"https:\/\/elinformante.mx\/index.php?rest_route=%2Fwp%2Fv2%2Fmedia&parent=82936"}],"wp:term":[{"taxonomy":"category","embeddable":true,"href":"https:\/\/elinformante.mx\/index.php?rest_route=%2Fwp%2Fv2%2Fcategories&post=82936"},{"taxonomy":"post_tag","embeddable":true,"href":"https:\/\/elinformante.mx\/index.php?rest_route=%2Fwp%2Fv2%2Ftags&post=82936"}],"curies":[{"name":"wp","href":"https:\/\/api.w.org\/{rel}","templated":true}]}}