{"id":82953,"date":"2025-05-12T05:44:47","date_gmt":"2025-05-12T11:44:47","guid":{"rendered":"https:\/\/elinformante.mx\/?p=82953"},"modified":"2025-05-12T05:44:49","modified_gmt":"2025-05-12T11:44:49","slug":"exito-total-de-pedro-fernandez-en-la-arena-cdmx","status":"publish","type":"post","link":"https:\/\/elinformante.mx\/?p=82953","title":{"rendered":"\u00c9xito total de Pedro Fern\u00e1ndez en la Arena CDMX"},"content":{"rendered":"\n<figure class=\"wp-block-pullquote\"><blockquote><p>Durante todo el show, el cantante estuvo acompa\u00f1ado en el escenario de bailarinas, que entraban y sal\u00edan de acuerdo a la canci\u00f3n y de si se requer\u00eda su acompa\u00f1amiento.<\/p><\/blockquote><\/figure>\n\n\n\n<p class=\"has-drop-cap\">El cantante vern\u00e1culo parece que ha retomado un segundo aire, teniendo una velada muy emotiva, demostrando todo su talento.<br><\/p>\n\n\n\n<p>\u201cPedrito\u201d Fern\u00e1ndez, el cantante, el ser humano que cambi\u00f3 su nombre, Jos\u00e9 Mart\u00edn Cuevas, e hizo una mezcla con los nombres de sus \u00eddolos, Pedro Infante y Vicente Fern\u00e1ndez, se present\u00f3 de manera magistral en la Arena CDMX.<br><\/p>\n\n\n\n<p>Esta presentaci\u00f3n forma parte de su nueva gira, Ave F\u00e9nix Tour, logrando una emotiva y exitosa velada.<br><\/p>\n\n\n\n<p>La velada inici\u00f3 con su voz saliendo de las bocinas del recinto, con las luces apagadas y la proyecci\u00f3n de su MV \u201cSolo te llevar\u00e1s\u201d seguido por \u201cEl corrido de Malverde\u201d.<br><\/p>\n\n\n\n<p>Al terminar la proyecci\u00f3n la piel se enchin\u00f3 al escuchar las primeras tonadas del mariachi que abri\u00f3 el concierto con \u201cEl son de la negra\u201d, mezclando elementos vistos en las festividades de la Independencia de M\u00e9xico y del D\u00eda de muertos.<br><\/p>\n\n\n\n<p>Despu\u00e9s de unos segundos, Pedro entr\u00f3 al recinto, vestido de charro en color negro y con una capa del que se despoj\u00f3 terminando su primera canci\u00f3n seguida por sus versiones de \u201cEl mariachi\u201d y \u201cQui\u00e9n ser\u00e1\u201d.<br><\/p>\n\n\n\n<p>Para despu\u00e9s lograr un grito un\u00edsono del p\u00fablico al empezar a cantar \u201cLos hombres no deben llorar\u201d con un fondo de lluvia como filtro imperfecto de redes sociales.<br><\/p>\n\n\n\n<p>Pero la locura se desat\u00f3 al entonar las primeras notas de \u201cEl Aventurero\u201d: \u201c\u00a1Abusadas mamacitas porque ya lleg\u00f3 su aventurero!\u201d advirti\u00f3 el cantante de 55.<br><\/p>\n\n\n\n<p>Pedrito comenz\u00f3 la interacci\u00f3n con el p\u00fablico, algo que se le agradece mucho, porque lo hace con respeto, pero siempre con picard\u00eda, ley\u00f3 las pancartas que se encontraban cerca del escenario.<br><\/p>\n\n\n\n<p>Durante todo el show, el cantante estuvo acompa\u00f1ado en el escenario de bailarinas, que entraban y sal\u00edan de acuerdo a la canci\u00f3n y de si se requer\u00eda su acompa\u00f1amiento.<br><\/p>\n\n\n\n<p>La velada continu\u00f3 entre las notas de \u201cQuien\u201d, \u201cPerd\u00f3name mi amor por ser tan guapo\u201d, \u201cEl ganador\u201d, \u201cManiqu\u00ed\u201d y \u201cCoqueta\u201d y al tomarse una breve pausa con aplausos de p\u00fablico, para despu\u00e9s agradecer y darle la bienvenida al cantante de Emir Pav\u00f3n y al Grupo Ca\u00f1averal, quienes interpretaron a su lado \u201cSi te vas\u201d.<br><\/p>\n\n\n\n<p>Tras la salida de Emir, Pedro continu\u00f3 con su repertorio, entonando \u201cComo ella\u201d y \u201cDulcecito de chamoy\u201d. Hubo un momento en que el cantante dedic\u00f3 un emotivo reconocimiento a las madres que le acompa\u00f1aban en el concierto.<br><\/p>\n\n\n\n<p>\u201cEs un buen momento para decir: Feliz d\u00eda de las madres\u201d, acompa\u00f1\u00f3 con sus mejores deseos para las mam\u00e1s presentes al cantar \u201cEres toda una mujer\u201d mientras las pantallas se inundaban de rosas y corazones.<br><\/p>\n\n\n\n<p>Pero la velada a\u00fan no terminaba, siguieron \u201cA mover el Cu\u201d, y hubo un momento en que un peque\u00f1o ni\u00f1o subi\u00f3 al escenario enfundado en un traje de charro, le pidi\u00f3 al cantante poder acompa\u00f1arlo con la canci\u00f3n \u201cYo no fui\u201d, cosa que Pedro le cumpli\u00f3 y junto a su mariachi, cant\u00f3 y bail\u00f3.<br><\/p>\n\n\n\n<p>\u201cC\u00f3mo te extra\u00f1o mi amor\u201d, \u201cQue te ha dado esa mujer\u201d, \u201cSi nos dejan\u201d, \u201cMe cans\u00e9 de rogarle\u201d, y \u201cEl rey\u201d intercalando canciones propias como \u201cEl \u00faltimo trago\u201d y \u201cDime que s\u00ed\u201d en las m\u00e1s de dos horas que dur\u00f3 su concierto.<br><\/p>\n\n\n\n<p>Agradeci\u00f3 a todos los que lo han acompa\u00f1ado en estos 48 a\u00f1os de carrera, brome\u00f3 mucho, con el hecho de que siempre le dicen que se ve m\u00e1s peque\u00f1o, pero la voz se le quebr\u00f3 al tratar de dar las gracias, porque el p\u00fablico rompi\u00f3 en ovaciones, que lograron sacarle al cantante una lagrimita.<br><\/p>\n\n\n\n<p>\u201cMi forma de sentir\u201d, \u201cMe encantas\u201d y \u201cAmarte a la antigua\u201d se escucharon en las voces del p\u00fablico reunido, y cuando parec\u00eda cerrar con \u201cYo no fui\u201d con un esquel\u00e9tico mariachi animado en pantalla, pero cediendo al grito del p\u00fablico de \u201cuna m\u00e1s\u201d, y entonces, agreg\u00f3 \u201cCanci\u00f3n mixteca\u201d, \u201cViva M\u00e9xico\u201d y \u201cCielito lindo\u201d, con banderas de la patria ondeando en la pantalla y el escenario.<\/p>\n","protected":false},"excerpt":{"rendered":"<p>Durante todo el show, el cantante estuvo acompa\u00f1ado en el escenario de bailarinas, que entraban y sal\u00edan de acuerdo a la canci\u00f3n y de si se requer\u00eda su acompa\u00f1amiento. El cantante vern\u00e1culo parece que ha retomado un segundo aire, teniendo una velada muy emotiva, demostrando todo su talento. \u201cPedrito\u201d Fern\u00e1ndez, el cantante, el ser humano [&hellip;]<\/p>\n","protected":false},"author":1,"featured_media":82954,"comment_status":"closed","ping_status":"closed","sticky":false,"template":"","format":"standard","meta":{"footnotes":""},"categories":[30,39],"tags":[],"class_list":["post-82953","post","type-post","status-publish","format-standard","has-post-thumbnail","hentry","category-destacado","category-espectaculos"],"_links":{"self":[{"href":"https:\/\/elinformante.mx\/index.php?rest_route=\/wp\/v2\/posts\/82953","targetHints":{"allow":["GET"]}}],"collection":[{"href":"https:\/\/elinformante.mx\/index.php?rest_route=\/wp\/v2\/posts"}],"about":[{"href":"https:\/\/elinformante.mx\/index.php?rest_route=\/wp\/v2\/types\/post"}],"author":[{"embeddable":true,"href":"https:\/\/elinformante.mx\/index.php?rest_route=\/wp\/v2\/users\/1"}],"replies":[{"embeddable":true,"href":"https:\/\/elinformante.mx\/index.php?rest_route=%2Fwp%2Fv2%2Fcomments&post=82953"}],"version-history":[{"count":0,"href":"https:\/\/elinformante.mx\/index.php?rest_route=\/wp\/v2\/posts\/82953\/revisions"}],"wp:featuredmedia":[{"embeddable":true,"href":"https:\/\/elinformante.mx\/index.php?rest_route=\/wp\/v2\/media\/82954"}],"wp:attachment":[{"href":"https:\/\/elinformante.mx\/index.php?rest_route=%2Fwp%2Fv2%2Fmedia&parent=82953"}],"wp:term":[{"taxonomy":"category","embeddable":true,"href":"https:\/\/elinformante.mx\/index.php?rest_route=%2Fwp%2Fv2%2Fcategories&post=82953"},{"taxonomy":"post_tag","embeddable":true,"href":"https:\/\/elinformante.mx\/index.php?rest_route=%2Fwp%2Fv2%2Ftags&post=82953"}],"curies":[{"name":"wp","href":"https:\/\/api.w.org\/{rel}","templated":true}]}}