{"id":82956,"date":"2025-05-12T05:47:15","date_gmt":"2025-05-12T11:47:15","guid":{"rendered":"https:\/\/elinformante.mx\/?p=82956"},"modified":"2025-05-12T05:47:16","modified_gmt":"2025-05-12T11:47:16","slug":"bayern-munich-despide-a-thomas-muller","status":"publish","type":"post","link":"https:\/\/elinformante.mx\/?p=82956","title":{"rendered":"Bayern M\u00fanich despide a Thomas M\u00fcller"},"content":{"rendered":"\n<p>Los aficionados del Bayern M\u00fanich rindieron homenaje a Thomas M\u00fcller antes de su \u00faltimo partido en casa con el club.<br><\/p>\n\n\n\n<p class=\"has-drop-cap\">Se observ\u00f3 c\u00f3mo los seguidores del Bayern desplegaron detr\u00e1s de una de las porter\u00edas un enorme tifo rojo y blanco con una imagen del jugador y su nombre en letras gigantes, y un cartel encima que dec\u00eda: \u201c\u00a1Durante 25 a\u00f1os todo por nuestros colores!\u201d<br><\/p>\n\n\n\n<p>Quienes tambi\u00e9n le presentaron sus respetos, dieron los directivos del club, quienes le presentaron al jugador de 35 a\u00f1os, una imagen de s\u00ed mismo con todos los trofeos que gan\u00f3 con el poderoso equipo b\u00e1varo.<br><\/p>\n\n\n\n<p>\u201c\u00a1D\u00e9jennos jugar!\u201d, exclam\u00f3 mientras llevaba la imagen y un ramo de flores a la l\u00ednea de banda.<br><\/p>\n\n\n\n<p>El Bayern, que asegur\u00f3 el t\u00edtulo de la Bundesliga el fin de semana pasado, enfrenta al Borussia M\u00f6nchengladbach antes de que el equipo reciba el trofeo.<br><\/p>\n\n\n\n<figure class=\"wp-block-image size-large\"><img fetchpriority=\"high\" decoding=\"async\" width=\"1024\" height=\"506\" src=\"https:\/\/elinformante.mx\/wp-content\/uploads\/2025\/05\/14bayer-2-1024x506.jpg\" alt=\"\" class=\"wp-image-82958\" srcset=\"https:\/\/elinformante.mx\/wp-content\/uploads\/2025\/05\/14bayer-2-1024x506.jpg 1024w, https:\/\/elinformante.mx\/wp-content\/uploads\/2025\/05\/14bayer-2-300x148.jpg 300w, https:\/\/elinformante.mx\/wp-content\/uploads\/2025\/05\/14bayer-2-768x379.jpg 768w, https:\/\/elinformante.mx\/wp-content\/uploads\/2025\/05\/14bayer-2.jpg 1140w\" sizes=\"(max-width: 1024px) 100vw, 1024px\" \/><\/figure>\n\n\n\n<p>M\u00fcller se va al final de la temporada despu\u00e9s de ganar un r\u00e9cord de 13 t\u00edtulos de liga, entre otros, con el club.<br><\/p>\n\n\n\n<p>Fue en abril cuando el Bayern anunci\u00f3 que esta temporada ser\u00eda la \u00faltima de M\u00fcller con el club. \u00c9l inicialmente estaba ansioso por extender su contrato a pesar del tiempo de juego limitado, pero la directiva del Bayern consider\u00f3 m\u00e1s prudente ahorrar su considerable salario que ofrecerle uno nuevo.<br><\/p>\n\n\n\n<p>M\u00fcller se uni\u00f3 al Bayern a los diez a\u00f1os desde el TSV P\u00e4hl, un peque\u00f1o club b\u00e1varo ubicado al suroeste de M\u00fanich, en el verano de 2000.<br><\/p>\n\n\n\n<p>Debut\u00f3 con el Bayern bajo la direcci\u00f3n de J\u00fcrgen Klinsmann en 2008 y se consolid\u00f3 bajo Louis van Gaal la temporada siguiente. Tiene la mayor cantidad de apariciones de cualquier otro jugador del Bayern, con m\u00e1s de 700 y con al menos 200 goles y asistiendo en m\u00e1s de 200.<\/p>\n","protected":false},"excerpt":{"rendered":"<p>Los aficionados del Bayern M\u00fanich rindieron homenaje a Thomas M\u00fcller antes de su \u00faltimo partido en casa con el club. Se observ\u00f3 c\u00f3mo los seguidores del Bayern desplegaron detr\u00e1s de una de las porter\u00edas un enorme tifo rojo y blanco con una imagen del jugador y su nombre en letras gigantes, y un cartel encima [&hellip;]<\/p>\n","protected":false},"author":1,"featured_media":82957,"comment_status":"closed","ping_status":"closed","sticky":false,"template":"","format":"standard","meta":{"footnotes":""},"categories":[38],"tags":[],"class_list":["post-82956","post","type-post","status-publish","format-standard","has-post-thumbnail","hentry","category-deportes"],"_links":{"self":[{"href":"https:\/\/elinformante.mx\/index.php?rest_route=\/wp\/v2\/posts\/82956","targetHints":{"allow":["GET"]}}],"collection":[{"href":"https:\/\/elinformante.mx\/index.php?rest_route=\/wp\/v2\/posts"}],"about":[{"href":"https:\/\/elinformante.mx\/index.php?rest_route=\/wp\/v2\/types\/post"}],"author":[{"embeddable":true,"href":"https:\/\/elinformante.mx\/index.php?rest_route=\/wp\/v2\/users\/1"}],"replies":[{"embeddable":true,"href":"https:\/\/elinformante.mx\/index.php?rest_route=%2Fwp%2Fv2%2Fcomments&post=82956"}],"version-history":[{"count":0,"href":"https:\/\/elinformante.mx\/index.php?rest_route=\/wp\/v2\/posts\/82956\/revisions"}],"wp:featuredmedia":[{"embeddable":true,"href":"https:\/\/elinformante.mx\/index.php?rest_route=\/wp\/v2\/media\/82957"}],"wp:attachment":[{"href":"https:\/\/elinformante.mx\/index.php?rest_route=%2Fwp%2Fv2%2Fmedia&parent=82956"}],"wp:term":[{"taxonomy":"category","embeddable":true,"href":"https:\/\/elinformante.mx\/index.php?rest_route=%2Fwp%2Fv2%2Fcategories&post=82956"},{"taxonomy":"post_tag","embeddable":true,"href":"https:\/\/elinformante.mx\/index.php?rest_route=%2Fwp%2Fv2%2Ftags&post=82956"}],"curies":[{"name":"wp","href":"https:\/\/api.w.org\/{rel}","templated":true}]}}