{"id":82972,"date":"2025-05-12T06:04:18","date_gmt":"2025-05-12T12:04:18","guid":{"rendered":"https:\/\/elinformante.mx\/?p=82972"},"modified":"2025-05-12T06:04:20","modified_gmt":"2025-05-12T12:04:20","slug":"festejan-en-almoloya-de-juarez-el-dia-de-las-madres","status":"publish","type":"post","link":"https:\/\/elinformante.mx\/?p=82972","title":{"rendered":"Festejan en Almoloya de Ju\u00e1rez el D\u00eda de las Madres"},"content":{"rendered":"\n<figure class=\"wp-block-pullquote\"><blockquote><p>El presidente Adolfo Sol\u00eds reiter\u00f3 que las mam\u00e1s son la base de las familias almoloyojuarenses.<\/p><\/blockquote><\/figure>\n\n\n\n<p class=\"has-drop-cap\">En el municipio de Almoloya de Ju\u00e1rez, el presidente municipal, Adolfo Sol\u00eds, llev\u00f3 a cabo la celebraci\u00f3n del D\u00eda de la Madre, celebrando a quienes son el pilar de las familias almoloyojuarenses: las mam\u00e1s.<br><\/p>\n\n\n\n<p>Inicio Sol\u00eds el festejo en Santiaguito Tlalcilalcalli, en donde se\u00f1al\u00f3 a las mam\u00e1s reunidas, que ellas son el alma de cada hogar, siendo una prioridad reconocerlas y celebrarlas como se merecen.<br><\/p>\n\n\n\n<p>Afirm\u00f3 que desde el ayuntamiento se han preparado muchas actividades en distintas regiones del municipio, todas con mucho amor, para que mam\u00e1s almoloyojuarenses merece sentirse especial.<br><\/p>\n\n\n\n<p>Los festejos continuaron, en la Cabecera municipal, junto al l\u00edder del PVEM, en donde se reuni\u00f3 con alrededor de 2 mil mam\u00e1s.<br><\/p>\n\n\n\n<figure class=\"wp-block-image size-large\"><img fetchpriority=\"high\" decoding=\"async\" width=\"1024\" height=\"506\" src=\"https:\/\/elinformante.mx\/wp-content\/uploads\/2025\/05\/12almoloya-3-1024x506.jpg\" alt=\"\" class=\"wp-image-82974\" srcset=\"https:\/\/elinformante.mx\/wp-content\/uploads\/2025\/05\/12almoloya-3-1024x506.jpg 1024w, https:\/\/elinformante.mx\/wp-content\/uploads\/2025\/05\/12almoloya-3-300x148.jpg 300w, https:\/\/elinformante.mx\/wp-content\/uploads\/2025\/05\/12almoloya-3-768x379.jpg 768w, https:\/\/elinformante.mx\/wp-content\/uploads\/2025\/05\/12almoloya-3.jpg 1140w\" sizes=\"(max-width: 1024px) 100vw, 1024px\" \/><\/figure>\n\n\n\n<p>En el lugar ellas pudieron disfrutar de m\u00fasica en vivo, pastel y muchos abrazos en un auditorio donde el amor y la alegr\u00eda se pod\u00edan ver en los rostros de las mam\u00e1s presentes.<br><\/p>\n\n\n\n<p>Ambos pol\u00edticos reconocieron a cada madre que con amor y valent\u00eda saca adelante a su familia, y les reafirm\u00f3 que ellas son el pilar de nuestro municipio.<br><\/p>\n\n\n\n<p>Los festejos siguieron en la localidad de San Agust\u00edn Citlalli, en donde Adolfo Sol\u00eds pudo compartir estos momentos de alegr\u00eda, con m\u00fasica, risas, regalos y un delicioso pastel.<br><\/p>\n\n\n\n<p>Sol\u00eds reiter\u00f3 que cada reconocimiento es bien merecido por las mam\u00e1s que se encontraban presentes, las cuales son los pilares de los hogares, siendo una fuente inagotable le d\u00e9 amor, fortalece y entereza, que con su ejemplo ayudan a que las familias de Almoloya de Ju\u00e1rez contin\u00faen unidas y solidarias.<\/p>\n","protected":false},"excerpt":{"rendered":"<p>El presidente Adolfo Sol\u00eds reiter\u00f3 que las mam\u00e1s son la base de las familias almoloyojuarenses. En el municipio de Almoloya de Ju\u00e1rez, el presidente municipal, Adolfo Sol\u00eds, llev\u00f3 a cabo la celebraci\u00f3n del D\u00eda de la Madre, celebrando a quienes son el pilar de las familias almoloyojuarenses: las mam\u00e1s. Inicio Sol\u00eds el festejo en Santiaguito [&hellip;]<\/p>\n","protected":false},"author":1,"featured_media":82973,"comment_status":"closed","ping_status":"closed","sticky":false,"template":"","format":"standard","meta":{"footnotes":""},"categories":[36],"tags":[],"class_list":["post-82972","post","type-post","status-publish","format-standard","has-post-thumbnail","hentry","category-edomex"],"_links":{"self":[{"href":"https:\/\/elinformante.mx\/index.php?rest_route=\/wp\/v2\/posts\/82972","targetHints":{"allow":["GET"]}}],"collection":[{"href":"https:\/\/elinformante.mx\/index.php?rest_route=\/wp\/v2\/posts"}],"about":[{"href":"https:\/\/elinformante.mx\/index.php?rest_route=\/wp\/v2\/types\/post"}],"author":[{"embeddable":true,"href":"https:\/\/elinformante.mx\/index.php?rest_route=\/wp\/v2\/users\/1"}],"replies":[{"embeddable":true,"href":"https:\/\/elinformante.mx\/index.php?rest_route=%2Fwp%2Fv2%2Fcomments&post=82972"}],"version-history":[{"count":0,"href":"https:\/\/elinformante.mx\/index.php?rest_route=\/wp\/v2\/posts\/82972\/revisions"}],"wp:featuredmedia":[{"embeddable":true,"href":"https:\/\/elinformante.mx\/index.php?rest_route=\/wp\/v2\/media\/82973"}],"wp:attachment":[{"href":"https:\/\/elinformante.mx\/index.php?rest_route=%2Fwp%2Fv2%2Fmedia&parent=82972"}],"wp:term":[{"taxonomy":"category","embeddable":true,"href":"https:\/\/elinformante.mx\/index.php?rest_route=%2Fwp%2Fv2%2Fcategories&post=82972"},{"taxonomy":"post_tag","embeddable":true,"href":"https:\/\/elinformante.mx\/index.php?rest_route=%2Fwp%2Fv2%2Ftags&post=82972"}],"curies":[{"name":"wp","href":"https:\/\/api.w.org\/{rel}","templated":true}]}}