{"id":82976,"date":"2025-05-12T06:06:32","date_gmt":"2025-05-12T12:06:32","guid":{"rendered":"https:\/\/elinformante.mx\/?p=82976"},"modified":"2025-05-12T06:06:34","modified_gmt":"2025-05-12T12:06:34","slug":"firmo-manuel-vilchis-y-smayds-convenio-de-ordenamiento-ecologico-para-zinacantepec","status":"publish","type":"post","link":"https:\/\/elinformante.mx\/?p=82976","title":{"rendered":"Firm\u00f3 Manuel Vilchis y SMAyDS convenio de ordenamiento ecol\u00f3gico para Zinacantepec"},"content":{"rendered":"\n<figure class=\"wp-block-pullquote\"><blockquote><p>-Su objetivo es regular el uso del suelo y las actividades productivas, adem\u00e1s de proteger el medio ambiente y el aprovechamiento sustentable de los recursos naturales.<\/p><\/blockquote><\/figure>\n\n\n\n<p class=\"has-drop-cap\">Con el objetivo de regular el uso del suelo y las actividades productivas para lograr la protecci\u00f3n de los ecosistemas y el aprovechamiento sustentable de los recursos naturales, la Secretar\u00eda del Medio Ambiente y Desarrollo Sostenible (SMAyDS) del Estado de M\u00e9xico firm\u00f3 un Convenio de Coordinaci\u00f3n de Ordenamiento Ecol\u00f3gico con el presidente municipal de Zinacantepec, Manuel Vilchis Viveros.<br><\/p>\n\n\n\n<p>Al firmar el convenio, tanto el presidente Manuel Vilchis como Alhely Rubio Arronis, Titular de la SMAyDS, buscan que Zinacantepec siga creciendo y se desarrolle sin amenazar los recursos naturales, el suelo de producci\u00f3n y el agua.<br><\/p>\n\n\n\n<p>Rubio Arronis expres\u00f3 su agradecimiento por la firma de este Convenio en materia de ordenamiento territorial y se\u00f1al\u00f3 que este municipio ha mostrado su disposici\u00f3n para participar en las acciones de protecci\u00f3n y conservaci\u00f3n de los recursos naturales a trav\u00e9s de su \u00e1rea de medio ambiente.<br><\/p>\n\n\n\n<p>Adem\u00e1s se destac\u00f3 que el ordenamiento territorial ecol\u00f3gico es un tema de alta importancia, ya que tiene que ver con el uso de suelo, con la mancha urbana y con la conservaci\u00f3n forestal.<br><\/p>\n\n\n\n<figure class=\"wp-block-image size-large\"><img fetchpriority=\"high\" decoding=\"async\" width=\"1024\" height=\"506\" src=\"https:\/\/elinformante.mx\/wp-content\/uploads\/2025\/05\/12ZINA-2-1-1024x506.jpg\" alt=\"\" class=\"wp-image-82978\" srcset=\"https:\/\/elinformante.mx\/wp-content\/uploads\/2025\/05\/12ZINA-2-1-1024x506.jpg 1024w, https:\/\/elinformante.mx\/wp-content\/uploads\/2025\/05\/12ZINA-2-1-300x148.jpg 300w, https:\/\/elinformante.mx\/wp-content\/uploads\/2025\/05\/12ZINA-2-1-768x379.jpg 768w, https:\/\/elinformante.mx\/wp-content\/uploads\/2025\/05\/12ZINA-2-1.jpg 1140w\" sizes=\"(max-width: 1024px) 100vw, 1024px\" \/><\/figure>\n\n\n\n<p>Manuel Vulchis tambi\u00e9n mencion\u00f3 que la crisis clim\u00e1tica, las inundaciones, la tala ilegal y la falta de \u00e1rboles adecuados, est\u00e1 haciendo que la calidad de vida sea en detrimento de nosotros mismos.<br><\/p>\n\n\n\n<p>Indicar\u00f3n que se debe buscar una nueva mirada hacia el cuidado y preservaci\u00f3n del medio ambiente y el ordenamiento ecol\u00f3gico es una de las bases para delimitar las zonas de conservaci\u00f3n.<br><\/p>\n\n\n\n<p>Vilchis VIveros se mostr\u00f3 muy satisfecho con esta firma, y reafirm\u00f3 que en Zinacantepec se busca tener un municipio m\u00e1s verde, m\u00e1s limpio y con visi\u00f3n.<br><\/p>\n\n\n\n<p>Mencion\u00f3 que estaba seguro, que trabajaran hombro a hombro con la Secretaria de Medio Ambiente del estado rumbo a un desarrollo m\u00e1s sustentable, responsable y planificado para nuestro municipio, que permitir\u00e1 preservar nuestras riquezas naturales, ordenar el crecimiento urbano y proteger el equilibrio ambiental en beneficio de las presentes y futuras generaciones.<\/p>\n","protected":false},"excerpt":{"rendered":"<p>-Su objetivo es regular el uso del suelo y las actividades productivas, adem\u00e1s de proteger el medio ambiente y el aprovechamiento sustentable de los recursos naturales. Con el objetivo de regular el uso del suelo y las actividades productivas para lograr la protecci\u00f3n de los ecosistemas y el aprovechamiento sustentable de los recursos naturales, la [&hellip;]<\/p>\n","protected":false},"author":1,"featured_media":82977,"comment_status":"closed","ping_status":"closed","sticky":false,"template":"","format":"standard","meta":{"footnotes":""},"categories":[30,36],"tags":[],"class_list":["post-82976","post","type-post","status-publish","format-standard","has-post-thumbnail","hentry","category-destacado","category-edomex"],"_links":{"self":[{"href":"https:\/\/elinformante.mx\/index.php?rest_route=\/wp\/v2\/posts\/82976","targetHints":{"allow":["GET"]}}],"collection":[{"href":"https:\/\/elinformante.mx\/index.php?rest_route=\/wp\/v2\/posts"}],"about":[{"href":"https:\/\/elinformante.mx\/index.php?rest_route=\/wp\/v2\/types\/post"}],"author":[{"embeddable":true,"href":"https:\/\/elinformante.mx\/index.php?rest_route=\/wp\/v2\/users\/1"}],"replies":[{"embeddable":true,"href":"https:\/\/elinformante.mx\/index.php?rest_route=%2Fwp%2Fv2%2Fcomments&post=82976"}],"version-history":[{"count":0,"href":"https:\/\/elinformante.mx\/index.php?rest_route=\/wp\/v2\/posts\/82976\/revisions"}],"wp:featuredmedia":[{"embeddable":true,"href":"https:\/\/elinformante.mx\/index.php?rest_route=\/wp\/v2\/media\/82977"}],"wp:attachment":[{"href":"https:\/\/elinformante.mx\/index.php?rest_route=%2Fwp%2Fv2%2Fmedia&parent=82976"}],"wp:term":[{"taxonomy":"category","embeddable":true,"href":"https:\/\/elinformante.mx\/index.php?rest_route=%2Fwp%2Fv2%2Fcategories&post=82976"},{"taxonomy":"post_tag","embeddable":true,"href":"https:\/\/elinformante.mx\/index.php?rest_route=%2Fwp%2Fv2%2Ftags&post=82976"}],"curies":[{"name":"wp","href":"https:\/\/api.w.org\/{rel}","templated":true}]}}