{"id":82980,"date":"2025-05-12T06:09:48","date_gmt":"2025-05-12T12:09:48","guid":{"rendered":"https:\/\/elinformante.mx\/?p=82980"},"modified":"2025-05-12T06:09:50","modified_gmt":"2025-05-12T12:09:50","slug":"exito-total-medio-maraton-metepequeando-participaron-2700-corredores-fernando-flores","status":"publish","type":"post","link":"https:\/\/elinformante.mx\/?p=82980","title":{"rendered":"\u00c9xito total Medio Marat\u00f3n \u201cMetepequeando\u201d; participaron 2700 corredores: Fernando Flores"},"content":{"rendered":"\n<figure class=\"wp-block-pullquote\"><blockquote><p>Los corredores recorrieron las principales vialidades del Pueblo M\u00e1gico, disfrutando de un ambiente festivo y familiar, acompa\u00f1ado de m\u00fasica, porras y el apoyo constante de los habitantes.<\/p><\/blockquote><\/figure>\n\n\n\n<p class=\"has-drop-cap\">En Metepec se llev\u00f3 a cabo el Medio Marat\u00f3n \u201cMetepequeando\u201d, que reuni\u00f3 a cientos de corredores de distintas edades, que participaron en esta edici\u00f3n con gran entusiasmo y con gran participaci\u00f3n ciudadana.<br><\/p>\n\n\n\n<p>El presidente municipal de Metepec, Fernando Flores Fern\u00e1ndez, particip\u00f3 de manera activa en el marat\u00f3n, adem\u00e1s de entregar los premios a los ganadores, acompa\u00f1ado de Emilio Yamin, director general del Instituto de Cultura F\u00edsica y Deporte del Estado de M\u00e9xico (Incufidem), reforzando el respaldo institucional a esta iniciativa.<br><\/p>\n\n\n\n<p>Los corredores recorrieron las principales vialidades del Pueblo M\u00e1gico, disfrutando de un ambiente festivo y familiar, acompa\u00f1ado de m\u00fasica, porras y el apoyo constante de los habitantes.<br><\/p>\n\n\n\n<p>Como una manera de promover la activaci\u00f3n f\u00edsica, el turismo deportivo y la convivencia social, el gobierno de Metepec realiz\u00f3 este medio marat\u00f3n.<br><\/p>\n\n\n\n<figure class=\"wp-block-image size-large\"><img fetchpriority=\"high\" decoding=\"async\" width=\"1024\" height=\"506\" src=\"https:\/\/elinformante.mx\/wp-content\/uploads\/2025\/05\/11metepec-2-1024x506.jpg\" alt=\"\" class=\"wp-image-82982\" srcset=\"https:\/\/elinformante.mx\/wp-content\/uploads\/2025\/05\/11metepec-2-1024x506.jpg 1024w, https:\/\/elinformante.mx\/wp-content\/uploads\/2025\/05\/11metepec-2-300x148.jpg 300w, https:\/\/elinformante.mx\/wp-content\/uploads\/2025\/05\/11metepec-2-768x379.jpg 768w, https:\/\/elinformante.mx\/wp-content\/uploads\/2025\/05\/11metepec-2.jpg 1140w\" sizes=\"(max-width: 1024px) 100vw, 1024px\" \/><\/figure>\n\n\n\n<p>Flores Fern\u00e1ndez destac\u00f3 la importancia de seguir impulsando este tipo de eventos que fortalecen el tejido social y fomentan h\u00e1bitos saludables entre la poblaci\u00f3n.<br><\/p>\n\n\n\n<p>Al t\u00e9rmino de marat\u00f3n, el presidente entreg\u00f3 medallas y reconocimientos a los participantes, en un ambiente de celebraci\u00f3n que reafirm\u00f3 a Metepec como un municipio comprometido con el deporte y la comunidad.<br><\/p>\n\n\n\n<p>Premiaci\u00f3n para la categor\u00eda femenil en 5 kil\u00f3metros: Tercer lugar, Sof\u00eda Ortega Loera; Segundo lugar, Mayra Uriarte Guadarrama y Primer lugar Lurdes Ponce Ju\u00e1rez.<br><\/p>\n\n\n\n<p>En la rama varonil el Tercer lugar en los 5 kil\u00f3metros se lo llev\u00f3 Rodrigo Reyes Romero; el Segundo lugar, Sa\u00fal Pacheco Molin y el Primer lugar, Eduardo Ram\u00edrez.<br><\/p>\n\n\n\n<p>En los 10 kil\u00f3metros Veteranos varonil 60 y m\u00e1s, el Tercer lugar fue para Pablo Almaz\u00e1n Hern\u00e1ndez; el Segundo lugar, Jaime Medina Salazar y Primer lugar, Virginio Vilchis Enr\u00edquez.<\/p>\n","protected":false},"excerpt":{"rendered":"<p>Los corredores recorrieron las principales vialidades del Pueblo M\u00e1gico, disfrutando de un ambiente festivo y familiar, acompa\u00f1ado de m\u00fasica, porras y el apoyo constante de los habitantes. En Metepec se llev\u00f3 a cabo el Medio Marat\u00f3n \u201cMetepequeando\u201d, que reuni\u00f3 a cientos de corredores de distintas edades, que participaron en esta edici\u00f3n con gran entusiasmo y [&hellip;]<\/p>\n","protected":false},"author":1,"featured_media":82981,"comment_status":"closed","ping_status":"closed","sticky":false,"template":"","format":"standard","meta":{"footnotes":""},"categories":[36],"tags":[],"class_list":["post-82980","post","type-post","status-publish","format-standard","has-post-thumbnail","hentry","category-edomex"],"_links":{"self":[{"href":"https:\/\/elinformante.mx\/index.php?rest_route=\/wp\/v2\/posts\/82980","targetHints":{"allow":["GET"]}}],"collection":[{"href":"https:\/\/elinformante.mx\/index.php?rest_route=\/wp\/v2\/posts"}],"about":[{"href":"https:\/\/elinformante.mx\/index.php?rest_route=\/wp\/v2\/types\/post"}],"author":[{"embeddable":true,"href":"https:\/\/elinformante.mx\/index.php?rest_route=\/wp\/v2\/users\/1"}],"replies":[{"embeddable":true,"href":"https:\/\/elinformante.mx\/index.php?rest_route=%2Fwp%2Fv2%2Fcomments&post=82980"}],"version-history":[{"count":0,"href":"https:\/\/elinformante.mx\/index.php?rest_route=\/wp\/v2\/posts\/82980\/revisions"}],"wp:featuredmedia":[{"embeddable":true,"href":"https:\/\/elinformante.mx\/index.php?rest_route=\/wp\/v2\/media\/82981"}],"wp:attachment":[{"href":"https:\/\/elinformante.mx\/index.php?rest_route=%2Fwp%2Fv2%2Fmedia&parent=82980"}],"wp:term":[{"taxonomy":"category","embeddable":true,"href":"https:\/\/elinformante.mx\/index.php?rest_route=%2Fwp%2Fv2%2Fcategories&post=82980"},{"taxonomy":"post_tag","embeddable":true,"href":"https:\/\/elinformante.mx\/index.php?rest_route=%2Fwp%2Fv2%2Ftags&post=82980"}],"curies":[{"name":"wp","href":"https:\/\/api.w.org\/{rel}","templated":true}]}}