{"id":82987,"date":"2025-05-12T06:14:32","date_gmt":"2025-05-12T12:14:32","guid":{"rendered":"https:\/\/elinformante.mx\/?p=82987"},"modified":"2025-05-12T06:14:35","modified_gmt":"2025-05-12T12:14:35","slug":"ieem-organiza-sexto-dia-de-debates-para-la-eleccion-judicial","status":"publish","type":"post","link":"https:\/\/elinformante.mx\/?p=82987","title":{"rendered":"IEEM organiza sexto d\u00eda de debates para la elecci\u00f3n judicial"},"content":{"rendered":"\n<figure class=\"wp-block-pullquote\"><blockquote><p>Los encuentros podr\u00e1n visualizarse en el canal oficial de YouTube del IEEM a partir de las 22:00 horas de la fecha de su realizaci\u00f3n.<\/p><\/blockquote><\/figure>\n\n\n\n<p class=\"has-drop-cap\">Como parte del Proceso Electoral Judicial Extraordinario 2025, el Instituto Electoral del Estado de M\u00e9xico (IEEM) llev\u00f3 a cabo, de manera virtual, tres Foros de Debate entre las candidaturas a Juezas y Jueces Regi\u00f3n IV Ecatepec, Distrito III Ecatepec, y dos Foros Debate a Magistraturas Regi\u00f3n II Tlalnepantla, especialidad civil.<br><\/p>\n\n\n\n<p>En el primer encuentro de Juezas y Jueces en Materia Penal participaron L\u00f3pez Rebollo Rub\u00ed, y S\u00e1nchez Hern\u00e1ndez Roc\u00edo Adriana, quienes respondieron a la pregunta: Algunas personas consideran que la impartici\u00f3n de justicia en materia penal revictimiza a las partes afectadas y no reciben justicia, \u00bfqu\u00e9 medidas o qu\u00e9 criterios adoptar\u00eda en sus sentencias para revertir esa percepci\u00f3n?<br><\/p>\n\n\n\n<p>El segundo grupo del Foro de Debate para el mismo cargo estuvo conformado por: Peralta Hern\u00e1ndez Brandon Bryans, y Rangel Res\u00e9ndiz Allan. La pregunta para este grupo fue: \u00bfQu\u00e9 fortalezas, retos y \u00e1reas de oportunidad observa en la integraci\u00f3n de las carpetas de investigaci\u00f3n?<br><\/p>\n\n\n\n<p>El tercer debate estuvo integrado por: Alc\u00e1ntara Ortega Guiselle Ivonne; De la O Buend\u00eda Yoselin; P\u00e9rez Ortega Emmanuel Alejandro; Ram\u00edrez Montiel Jamileth Jailine; Rodr\u00edguez Soria Jos\u00e9 Ricardo; Venegas Su\u00e1rez Mart\u00edn Daniel, quienes contestaron a la pregunta: Actualmente, hay casos de personas que se encuentran privadas de la libertad, a quienes no se les ha dictado sentencia, \u00bfQu\u00e9 medidas impulsar\u00eda o propondr\u00eda para abatir ese rezago en la impartici\u00f3n de justicia?<br><\/p>\n\n\n\n<p>El primer Foro de Debate a Magistraturas en Materia Civil estuvo conformado por: Barradas Dom\u00ednguez Luis Antonio; Becerra Guti\u00e9rrez Brenda; Garc\u00eda Villegas Humberto; Hern\u00e1ndez Olivarez Socorro, que debieron responder al cuestionamiento Como titular de Magistratura en materia Civil podr\u00eda estar expuesto a presiones de las partes en alguna controversia a su cargo, \u00bfQu\u00e9 medidas adoptar\u00eda para garantizar y salvaguardar el principio de independencia e imparcialidad en sus determinaciones?<br><\/p>\n\n\n\n<p>En el segundo debate a Magistraturas en Materia Civil. Regi\u00f3n II Tlalnepantla, especialidad civil intervinieron: Ruiz Dom\u00ednguez Carlos; Sep\u00falveda Igu\u00edniz Ricardo Jes\u00fas, y Sierra Palacios Joel Alfonso, que debieron dar respuesta al cuestionamiento \u00bfQu\u00e9 evoluci\u00f3n ha tenido el acceso a la justicia en nuestro pa\u00eds a partir de la Reforma Constitucional del 2011 al art\u00edculo 1?<br><\/p>\n\n\n\n<p>Las preguntas fueron seleccionadas aleatoriamente por el moderador frente a las personas participantes, de una urna que conten\u00eda diversos cuestionamientos previamente formulados, y que est\u00e1n relacionadas con el cargo y la materia a la que aspiran.<br><\/p>\n\n\n\n<p>Durante las sesiones, las personas aspirantes tambi\u00e9n expusieron su trayectoria profesional y acad\u00e9mica, as\u00ed como su visi\u00f3n respecto a la funci\u00f3n jurisdiccional y de impartici\u00f3n de justicia. Finalmente, dirigieron un mensaje a la ciudadan\u00eda.<br><\/p>\n\n\n\n<p>La conducci\u00f3n de los debates estuvo a cargo de los servidores p\u00fablicos electorales Jos\u00e9 Guadalupe Ram\u00edrez Hern\u00e1ndez, adscrito a la Direcci\u00f3n de Organizaci\u00f3n, y Jes\u00fas Filiberto Trinidad P\u00e9rez, adscrito a la Unidad de Comunicaci\u00f3n Social.<\/p>\n","protected":false},"excerpt":{"rendered":"<p>Los encuentros podr\u00e1n visualizarse en el canal oficial de YouTube del IEEM a partir de las 22:00 horas de la fecha de su realizaci\u00f3n. Como parte del Proceso Electoral Judicial Extraordinario 2025, el Instituto Electoral del Estado de M\u00e9xico (IEEM) llev\u00f3 a cabo, de manera virtual, tres Foros de Debate entre las candidaturas a Juezas [&hellip;]<\/p>\n","protected":false},"author":1,"featured_media":82988,"comment_status":"closed","ping_status":"closed","sticky":false,"template":"","format":"standard","meta":{"footnotes":""},"categories":[36],"tags":[],"class_list":["post-82987","post","type-post","status-publish","format-standard","has-post-thumbnail","hentry","category-edomex"],"_links":{"self":[{"href":"https:\/\/elinformante.mx\/index.php?rest_route=\/wp\/v2\/posts\/82987","targetHints":{"allow":["GET"]}}],"collection":[{"href":"https:\/\/elinformante.mx\/index.php?rest_route=\/wp\/v2\/posts"}],"about":[{"href":"https:\/\/elinformante.mx\/index.php?rest_route=\/wp\/v2\/types\/post"}],"author":[{"embeddable":true,"href":"https:\/\/elinformante.mx\/index.php?rest_route=\/wp\/v2\/users\/1"}],"replies":[{"embeddable":true,"href":"https:\/\/elinformante.mx\/index.php?rest_route=%2Fwp%2Fv2%2Fcomments&post=82987"}],"version-history":[{"count":0,"href":"https:\/\/elinformante.mx\/index.php?rest_route=\/wp\/v2\/posts\/82987\/revisions"}],"wp:featuredmedia":[{"embeddable":true,"href":"https:\/\/elinformante.mx\/index.php?rest_route=\/wp\/v2\/media\/82988"}],"wp:attachment":[{"href":"https:\/\/elinformante.mx\/index.php?rest_route=%2Fwp%2Fv2%2Fmedia&parent=82987"}],"wp:term":[{"taxonomy":"category","embeddable":true,"href":"https:\/\/elinformante.mx\/index.php?rest_route=%2Fwp%2Fv2%2Fcategories&post=82987"},{"taxonomy":"post_tag","embeddable":true,"href":"https:\/\/elinformante.mx\/index.php?rest_route=%2Fwp%2Fv2%2Ftags&post=82987"}],"curies":[{"name":"wp","href":"https:\/\/api.w.org\/{rel}","templated":true}]}}