{"id":82990,"date":"2025-05-12T06:15:44","date_gmt":"2025-05-12T12:15:44","guid":{"rendered":"https:\/\/elinformante.mx\/?p=82990"},"modified":"2025-05-12T06:15:47","modified_gmt":"2025-05-12T12:15:47","slug":"jenaro-martinez-y-el-smsem-se-alistan-para-celebrar-el-dia-del-maestro-a-105-mil-profesores-mexiquenses","status":"publish","type":"post","link":"https:\/\/elinformante.mx\/?p=82990","title":{"rendered":"Jenaro Mart\u00ednez y el SMSEM se alistan para celebrar el D\u00eda del Maestro a 105 mil profesores mexiquenses"},"content":{"rendered":"\n<figure class=\"wp-block-pullquote\"><blockquote><p>M\u00e1s de mil festejos delegacionales incluir\u00e1n sorteos con aparatos electr\u00f3nicos y electrodom\u00e9sticos, distribuidos este fin de semana por el SMSEM.<\/p><\/blockquote><\/figure>\n\n\n\n<p class=\"has-drop-cap\">El Sindicato de Maestros al Servicio del Estado de M\u00e9xico (SMSEM), a trav\u00e9s del Comit\u00e9 Ejecutivo Estatal 2024-2027, encabezado por Jenaro Mart\u00ednez Reyes, Secretario General, tiene todo dispuesto para llevar a cabo las celebraciones del D\u00eda del Maestro 2025, en cada una de las 14 regiones sindicales del territorio estatal.<br><\/p>\n\n\n\n<p>Como parte de las actividades programadas del 12 al 16 de mayo, durante los festejos regionales se llevar\u00e1n a cabo sorteos con autom\u00f3viles como el premio principal, adem\u00e1s de pantallas, electrodom\u00e9sticos, refrigeradores, l\u00ednea blanca, equipos de sonido, tel\u00e9fonos m\u00f3viles y otros art\u00edculos de uso familiar.<br><\/p>\n\n\n\n<p>Las celebraciones contar\u00e1n con un elenco conformado por agrupaciones musicales de renombre nacional e internacional, adem\u00e1s de la participaci\u00f3n de la base magisterial y estar\u00e1n coordinadas por los integrantes de la dirigencia y delegados sindicales de cada regi\u00f3n.<br><\/p>\n\n\n\n<figure class=\"wp-block-image size-large\"><img fetchpriority=\"high\" decoding=\"async\" width=\"1024\" height=\"506\" src=\"https:\/\/elinformante.mx\/wp-content\/uploads\/2025\/05\/10smsem-2-1024x506.jpg\" alt=\"\" class=\"wp-image-82992\" srcset=\"https:\/\/elinformante.mx\/wp-content\/uploads\/2025\/05\/10smsem-2-1024x506.jpg 1024w, https:\/\/elinformante.mx\/wp-content\/uploads\/2025\/05\/10smsem-2-300x148.jpg 300w, https:\/\/elinformante.mx\/wp-content\/uploads\/2025\/05\/10smsem-2-768x379.jpg 768w, https:\/\/elinformante.mx\/wp-content\/uploads\/2025\/05\/10smsem-2.jpg 1140w\" sizes=\"(max-width: 1024px) 100vw, 1024px\" \/><\/figure>\n\n\n\n<p>Adicionalmente, el Secretario General del SMSEM encabez\u00f3 este s\u00e1bado la distribuci\u00f3n de art\u00edculos para sorteo en los m\u00e1s de mil eventos delegacionales organizados en zonas escolares, con el prop\u00f3sito de que todas las maestras y maestros afiliados puedan participar.<br><\/p>\n\n\n\n<p>Al recibir a los delegados y representantes sindicales, Mart\u00ednez Reyes record\u00f3 que gracias a las gestiones realizadas por la dirigencia sindical, el pago de la gratificaci\u00f3n por el D\u00eda del Maestro fue garantizado para la primera quincena de mayo. Este logro forma parte de las negociaciones del Pliego Petitorio de Asuntos Econ\u00f3micos 2025, que el SMSEM mantiene con el Gobierno del Estado de M\u00e9xico.<br><\/p>\n\n\n\n<p>El l\u00edder del SMSEM reconoci\u00f3 la voluntad de la administraci\u00f3n estatal que encabeza la Maestra Delfina G\u00f3mez \u00c1lvarez para cumplir en tiempo y forma con esta prestaci\u00f3n que forma parte de los derechos laborales del magisterio estatal.<br><\/p>\n\n\n\n<p>Con estas acciones, la dirigencia actual refrenda su compromiso de acompa\u00f1ar al magisterio mexiquense tanto en la defensa de sus condiciones laborales como en el fortalecimiento del v\u00ednculo gremial.<\/p>\n","protected":false},"excerpt":{"rendered":"<p>M\u00e1s de mil festejos delegacionales incluir\u00e1n sorteos con aparatos electr\u00f3nicos y electrodom\u00e9sticos, distribuidos este fin de semana por el SMSEM. El Sindicato de Maestros al Servicio del Estado de M\u00e9xico (SMSEM), a trav\u00e9s del Comit\u00e9 Ejecutivo Estatal 2024-2027, encabezado por Jenaro Mart\u00ednez Reyes, Secretario General, tiene todo dispuesto para llevar a cabo las celebraciones del [&hellip;]<\/p>\n","protected":false},"author":1,"featured_media":82991,"comment_status":"closed","ping_status":"closed","sticky":false,"template":"","format":"standard","meta":{"footnotes":""},"categories":[30,36],"tags":[],"class_list":["post-82990","post","type-post","status-publish","format-standard","has-post-thumbnail","hentry","category-destacado","category-edomex"],"_links":{"self":[{"href":"https:\/\/elinformante.mx\/index.php?rest_route=\/wp\/v2\/posts\/82990","targetHints":{"allow":["GET"]}}],"collection":[{"href":"https:\/\/elinformante.mx\/index.php?rest_route=\/wp\/v2\/posts"}],"about":[{"href":"https:\/\/elinformante.mx\/index.php?rest_route=\/wp\/v2\/types\/post"}],"author":[{"embeddable":true,"href":"https:\/\/elinformante.mx\/index.php?rest_route=\/wp\/v2\/users\/1"}],"replies":[{"embeddable":true,"href":"https:\/\/elinformante.mx\/index.php?rest_route=%2Fwp%2Fv2%2Fcomments&post=82990"}],"version-history":[{"count":0,"href":"https:\/\/elinformante.mx\/index.php?rest_route=\/wp\/v2\/posts\/82990\/revisions"}],"wp:featuredmedia":[{"embeddable":true,"href":"https:\/\/elinformante.mx\/index.php?rest_route=\/wp\/v2\/media\/82991"}],"wp:attachment":[{"href":"https:\/\/elinformante.mx\/index.php?rest_route=%2Fwp%2Fv2%2Fmedia&parent=82990"}],"wp:term":[{"taxonomy":"category","embeddable":true,"href":"https:\/\/elinformante.mx\/index.php?rest_route=%2Fwp%2Fv2%2Fcategories&post=82990"},{"taxonomy":"post_tag","embeddable":true,"href":"https:\/\/elinformante.mx\/index.php?rest_route=%2Fwp%2Fv2%2Ftags&post=82990"}],"curies":[{"name":"wp","href":"https:\/\/api.w.org\/{rel}","templated":true}]}}