{"id":83005,"date":"2025-05-12T06:32:05","date_gmt":"2025-05-12T12:32:05","guid":{"rendered":"https:\/\/elinformante.mx\/?p=83005"},"modified":"2025-05-12T06:32:08","modified_gmt":"2025-05-12T12:32:08","slug":"miguel-angel-ramirez-ponce-entrego-en-lerma-el-centro-cultural-y-deportivo-atarasquillo","status":"publish","type":"post","link":"https:\/\/elinformante.mx\/?p=83005","title":{"rendered":"Miguel \u00c1ngel Ram\u00edrez Ponce entreg\u00f3 en Lerma el Centro Cultural y Deportivo Atarasquillo"},"content":{"rendered":"\n<figure class=\"wp-block-pullquote\"><blockquote><p>El presidente y los vecinos recorrieron las instalaciones, en donde habr\u00e1 clases de box y karate, entre otras disciplinas<\/p><\/blockquote><\/figure>\n\n\n\n<p class=\"has-drop-cap\">El presidente de Lerma, Miguel \u00c1ngel Ram\u00edrez Ponce, encabez\u00f3 un evento en donde entreg\u00f3 de manera oficial el Centro Cultural y Deportivo Atarasquillo.<br><\/p>\n\n\n\n<figure class=\"wp-block-image size-large\"><img fetchpriority=\"high\" decoding=\"async\" width=\"1024\" height=\"506\" src=\"https:\/\/elinformante.mx\/wp-content\/uploads\/2025\/05\/8lerma-2-1024x506.jpg\" alt=\"\" class=\"wp-image-83007\" srcset=\"https:\/\/elinformante.mx\/wp-content\/uploads\/2025\/05\/8lerma-2-1024x506.jpg 1024w, https:\/\/elinformante.mx\/wp-content\/uploads\/2025\/05\/8lerma-2-300x148.jpg 300w, https:\/\/elinformante.mx\/wp-content\/uploads\/2025\/05\/8lerma-2-768x379.jpg 768w, https:\/\/elinformante.mx\/wp-content\/uploads\/2025\/05\/8lerma-2.jpg 1140w\" sizes=\"(max-width: 1024px) 100vw, 1024px\" \/><\/figure>\n\n\n\n<p>Ram\u00edrez Ponce inform\u00f3 que este espacio fue dise\u00f1ado para fortalecer el deporte y las actividades culturales, art\u00edsticas y sociales en la comunidad.<br><\/p>\n\n\n\n<p>El presidente estuvo acompa\u00f1ado por vecinos e integrantes de su cabildo en la ceremonia del tradicional corte de list\u00f3n, para desp\u00faes recorrer las nuevas y modernas instalaciones.<br><\/p>\n\n\n\n<figure class=\"wp-block-image size-large\"><img decoding=\"async\" width=\"1024\" height=\"506\" src=\"https:\/\/elinformante.mx\/wp-content\/uploads\/2025\/05\/8lerma-3-1024x506.jpg\" alt=\"\" class=\"wp-image-83008\" srcset=\"https:\/\/elinformante.mx\/wp-content\/uploads\/2025\/05\/8lerma-3-1024x506.jpg 1024w, https:\/\/elinformante.mx\/wp-content\/uploads\/2025\/05\/8lerma-3-300x148.jpg 300w, https:\/\/elinformante.mx\/wp-content\/uploads\/2025\/05\/8lerma-3-768x379.jpg 768w, https:\/\/elinformante.mx\/wp-content\/uploads\/2025\/05\/8lerma-3.jpg 1140w\" sizes=\"(max-width: 1024px) 100vw, 1024px\" \/><\/figure>\n\n\n\n<p>Los vecinos del lugar podr\u00e1n disfrutar de un escenario cultural, un escenario deportivo, vestidores, bodegas y sanitarios; en donde se ofrecer\u00e1n clases de box y taekwondo, as\u00ed como clases de ballet, con el prop\u00f3sito de fomentar la formaci\u00f3n integral de ni\u00f1os, j\u00f3venes y adultos.<br><\/p>\n\n\n\n<p>Durante el evento tambi\u00e9n se presentaron exhibiciones de ballet a cargo de la maestra Irma Julie Mart\u00ednez Zarco, box dirigido por el entrenador Edgar Barrera Villegas y taekwondo impartido por el profesor V\u00edctor Manuel Soriano Rodr\u00edguez, demostrando el talento y compromiso de los participantes.<br><\/p>\n\n\n\n<figure class=\"wp-block-image size-large\"><img decoding=\"async\" width=\"1024\" height=\"506\" src=\"https:\/\/elinformante.mx\/wp-content\/uploads\/2025\/05\/8lerma-4-1024x506.jpg\" alt=\"\" class=\"wp-image-83009\" srcset=\"https:\/\/elinformante.mx\/wp-content\/uploads\/2025\/05\/8lerma-4-1024x506.jpg 1024w, https:\/\/elinformante.mx\/wp-content\/uploads\/2025\/05\/8lerma-4-300x148.jpg 300w, https:\/\/elinformante.mx\/wp-content\/uploads\/2025\/05\/8lerma-4-768x379.jpg 768w, https:\/\/elinformante.mx\/wp-content\/uploads\/2025\/05\/8lerma-4.jpg 1140w\" sizes=\"(max-width: 1024px) 100vw, 1024px\" \/><\/figure>\n\n\n\n<p>Adem\u00e1s Ram\u00edrez Ponce, realiz\u00f3 la entrega simb\u00f3lica de un apoyo al equipo del Instituto Nacional de Taekwondo Atarasquillo, encabezado por V\u00edctor Soriano Rodr\u00edguez, para participar en el torneo internacional Open Taekwondo Championship Acapulco, reafirmando el compromiso del gobierno local con el desarrollo deportivo.<br><\/p>\n\n\n\n<p>Se\u00f1al\u00f3 Ram\u00edrez Ponce que con esta entrega, Lerma da un paso m\u00e1s hacia la promoci\u00f3n del deporte y la cultura, brindando a sus habitantes un espacio de calidad para el desarrollo y el aprendizaje en diversas disciplinas.<\/p>\n","protected":false},"excerpt":{"rendered":"<p>El presidente y los vecinos recorrieron las instalaciones, en donde habr\u00e1 clases de box y karate, entre otras disciplinas El presidente de Lerma, Miguel \u00c1ngel Ram\u00edrez Ponce, encabez\u00f3 un evento en donde entreg\u00f3 de manera oficial el Centro Cultural y Deportivo Atarasquillo. Ram\u00edrez Ponce inform\u00f3 que este espacio fue dise\u00f1ado para fortalecer el deporte y [&hellip;]<\/p>\n","protected":false},"author":1,"featured_media":83006,"comment_status":"closed","ping_status":"closed","sticky":false,"template":"","format":"standard","meta":{"footnotes":""},"categories":[30,36,31],"tags":[46],"class_list":["post-83005","post","type-post","status-publish","format-standard","has-post-thumbnail","hentry","category-destacado","category-edomex","category-portada","tag-portadaedomex"],"_links":{"self":[{"href":"https:\/\/elinformante.mx\/index.php?rest_route=\/wp\/v2\/posts\/83005","targetHints":{"allow":["GET"]}}],"collection":[{"href":"https:\/\/elinformante.mx\/index.php?rest_route=\/wp\/v2\/posts"}],"about":[{"href":"https:\/\/elinformante.mx\/index.php?rest_route=\/wp\/v2\/types\/post"}],"author":[{"embeddable":true,"href":"https:\/\/elinformante.mx\/index.php?rest_route=\/wp\/v2\/users\/1"}],"replies":[{"embeddable":true,"href":"https:\/\/elinformante.mx\/index.php?rest_route=%2Fwp%2Fv2%2Fcomments&post=83005"}],"version-history":[{"count":0,"href":"https:\/\/elinformante.mx\/index.php?rest_route=\/wp\/v2\/posts\/83005\/revisions"}],"wp:featuredmedia":[{"embeddable":true,"href":"https:\/\/elinformante.mx\/index.php?rest_route=\/wp\/v2\/media\/83006"}],"wp:attachment":[{"href":"https:\/\/elinformante.mx\/index.php?rest_route=%2Fwp%2Fv2%2Fmedia&parent=83005"}],"wp:term":[{"taxonomy":"category","embeddable":true,"href":"https:\/\/elinformante.mx\/index.php?rest_route=%2Fwp%2Fv2%2Fcategories&post=83005"},{"taxonomy":"post_tag","embeddable":true,"href":"https:\/\/elinformante.mx\/index.php?rest_route=%2Fwp%2Fv2%2Ftags&post=83005"}],"curies":[{"name":"wp","href":"https:\/\/api.w.org\/{rel}","templated":true}]}}