{"id":83011,"date":"2025-05-12T06:34:48","date_gmt":"2025-05-12T12:34:48","guid":{"rendered":"https:\/\/elinformante.mx\/?p=83011"},"modified":"2025-05-12T06:34:49","modified_gmt":"2025-05-12T12:34:49","slug":"se-llevo-a-cabo-rodada-en-tlalpan-en-la-ciclovia-gran-tenochtitlan","status":"publish","type":"post","link":"https:\/\/elinformante.mx\/?p=83011","title":{"rendered":"Se llev\u00f3 a cabo rodada en Tlalpan, en la Ciclov\u00eda \u201cGran Tenochtitlan\u201d"},"content":{"rendered":"\n<figure class=\"wp-block-pullquote\"><blockquote><p>Agradecieron al gobierno de la CDMX por la creaci\u00f3n de los 34 kil\u00f3metros de la ciclov\u00eda.<\/p><\/blockquote><\/figure>\n\n\n\n<p class=\"has-drop-cap\">Para celebrar y dar la bienvenida a la pr\u00f3xima Ciclov\u00eda \u201cGran Tenochtitlan\u201d que correr\u00e1 sobre Calzada Tlalpan, cientos de ciclistas rodaron 15 kil\u00f3metros sobre esta importante vialidad, con el objetivo de seguir apropi\u00e1ndose de m\u00e1s espacios para la movilidad sustentable.<br><\/p>\n\n\n\n<p>La \u201cGran Rodada Ciclista Tenochtitlan\u201d, organizada por el Subsistema de Educaci\u00f3n Comunitaria PILARES, a cargo del Coordinador General Javier Hidalgo, seiscientos ciclistas pudieron reconocer la Calzada Tlalpan del Estadio Azteca al Z\u00f3calo capitalino en un ambiente familiar y seguro.<br><\/p>\n\n\n\n<figure class=\"wp-block-image size-large\"><img fetchpriority=\"high\" decoding=\"async\" width=\"1024\" height=\"506\" src=\"https:\/\/elinformante.mx\/wp-content\/uploads\/2025\/05\/6se-llevo-1024x506.jpeg\" alt=\"\" class=\"wp-image-83013\" srcset=\"https:\/\/elinformante.mx\/wp-content\/uploads\/2025\/05\/6se-llevo-1024x506.jpeg 1024w, https:\/\/elinformante.mx\/wp-content\/uploads\/2025\/05\/6se-llevo-300x148.jpeg 300w, https:\/\/elinformante.mx\/wp-content\/uploads\/2025\/05\/6se-llevo-768x379.jpeg 768w, https:\/\/elinformante.mx\/wp-content\/uploads\/2025\/05\/6se-llevo.jpeg 1140w\" sizes=\"(max-width: 1024px) 100vw, 1024px\" \/><\/figure>\n\n\n\n<p>Amellaly S\u00e1nchez Meza, Directora de Ponte Pila destac\u00f3 que, en palabras de Hidalgo Ponce, la rodada por la pr\u00f3xima Ciclov\u00eda \u201cGran Tenochtitlan\u201d es parte de una lucha que inici\u00f3 antes de 1989 desde el activismo ciclista para exigir mejores condiciones viales.<br><\/p>\n\n\n\n<p>Destac\u00f3 que la lucha activa logr\u00f3 que en 2019 se reconociera la Ley General de Movilidad. Agradecieron al gobierno de la CDMX por la creaci\u00f3n de los 34 kil\u00f3metros de la ciclov\u00eda, que recorrer\u00e1 una de las v\u00edas m\u00e1s importantes de la ciudad y que rumbo al mundial de 2026 cambiar\u00e1 profundamente a la Ciudad de M\u00e9xico, resalt\u00f3 S\u00e1nchez Meza.<\/p>\n","protected":false},"excerpt":{"rendered":"<p>Agradecieron al gobierno de la CDMX por la creaci\u00f3n de los 34 kil\u00f3metros de la ciclov\u00eda. Para celebrar y dar la bienvenida a la pr\u00f3xima Ciclov\u00eda \u201cGran Tenochtitlan\u201d que correr\u00e1 sobre Calzada Tlalpan, cientos de ciclistas rodaron 15 kil\u00f3metros sobre esta importante vialidad, con el objetivo de seguir apropi\u00e1ndose de m\u00e1s espacios para la movilidad [&hellip;]<\/p>\n","protected":false},"author":1,"featured_media":83012,"comment_status":"closed","ping_status":"closed","sticky":false,"template":"","format":"standard","meta":{"footnotes":""},"categories":[35],"tags":[],"class_list":["post-83011","post","type-post","status-publish","format-standard","has-post-thumbnail","hentry","category-cdmx"],"_links":{"self":[{"href":"https:\/\/elinformante.mx\/index.php?rest_route=\/wp\/v2\/posts\/83011","targetHints":{"allow":["GET"]}}],"collection":[{"href":"https:\/\/elinformante.mx\/index.php?rest_route=\/wp\/v2\/posts"}],"about":[{"href":"https:\/\/elinformante.mx\/index.php?rest_route=\/wp\/v2\/types\/post"}],"author":[{"embeddable":true,"href":"https:\/\/elinformante.mx\/index.php?rest_route=\/wp\/v2\/users\/1"}],"replies":[{"embeddable":true,"href":"https:\/\/elinformante.mx\/index.php?rest_route=%2Fwp%2Fv2%2Fcomments&post=83011"}],"version-history":[{"count":0,"href":"https:\/\/elinformante.mx\/index.php?rest_route=\/wp\/v2\/posts\/83011\/revisions"}],"wp:featuredmedia":[{"embeddable":true,"href":"https:\/\/elinformante.mx\/index.php?rest_route=\/wp\/v2\/media\/83012"}],"wp:attachment":[{"href":"https:\/\/elinformante.mx\/index.php?rest_route=%2Fwp%2Fv2%2Fmedia&parent=83011"}],"wp:term":[{"taxonomy":"category","embeddable":true,"href":"https:\/\/elinformante.mx\/index.php?rest_route=%2Fwp%2Fv2%2Fcategories&post=83011"},{"taxonomy":"post_tag","embeddable":true,"href":"https:\/\/elinformante.mx\/index.php?rest_route=%2Fwp%2Fv2%2Ftags&post=83011"}],"curies":[{"name":"wp","href":"https:\/\/api.w.org\/{rel}","templated":true}]}}