{"id":83019,"date":"2025-05-12T06:41:06","date_gmt":"2025-05-12T12:41:06","guid":{"rendered":"https:\/\/elinformante.mx\/?p=83019"},"modified":"2025-05-12T06:41:07","modified_gmt":"2025-05-12T12:41:07","slug":"dif-de-cdmx-capacita-a-personal-en-la-implementacion-del-nuevo-sistema-de-justicia-civil-y-familiar","status":"publish","type":"post","link":"https:\/\/elinformante.mx\/?p=83019","title":{"rendered":"DIF de CDMX capacita a personal en la implementaci\u00f3n del Nuevo Sistema de Justicia Civil y Familiar"},"content":{"rendered":"\n<figure class=\"wp-block-pullquote\"><blockquote><p>A lo largo de tres sesiones, con una duraci\u00f3n total de nueve horas, se abordaron temas clave del nuevo C\u00f3digo.<\/p><\/blockquote><\/figure>\n\n\n\n<p class=\"has-drop-cap\">\u201cLa capacitaci\u00f3n y profesionalizaci\u00f3n de nuestro personal mejora sus conocimientos para la protecci\u00f3n integral de los derechos de las ni\u00f1as, ni\u00f1os y adolescentes que enfrentan una situaci\u00f3n de vulnerabilidad\u201d, se\u00f1al\u00f3 Beatriz Rojas, directora general del Sistema para el Desarrollo Integral de la Familia (DIF) Ciudad de M\u00e9xico.<br><\/p>\n\n\n\n<p>Al clausurar el curso \u201cNuevo C\u00f3digo Nacional de Procedimientos Civiles y Familiares\u201d, impartido por la doctora Alejandra S\u00e1nchez Cedillo, jueza de Proceso Oral Familiar del Tribunal Superior de Justicia de la CDMX y profesora de la Facultad de Derecho de la UNAM, dijo que para el DIF es importante que las y los trabajadores se actualicen y adquieran nuevos conocimientos, que fortalezcan la atenci\u00f3n a la comunidad.<br><\/p>\n\n\n\n<p>Ante m\u00e1s de 200 funcionarios, reunidos en el auditorio Adolfo L\u00f3pez Mateos del DIF nacional, destac\u00f3 que la capacitaci\u00f3n continua refuerza las competencias y habilidades de los profesionales que trabajan en el Sistema para el Desarrollo Integral de la Familia de la Ciudad de M\u00e9xico.<br><\/p>\n\n\n\n<p>La directora general del DIF CDMX reafirm\u00f3 su compromiso con la ciudadan\u00eda de fortalecer las capacidades t\u00e9cnicas y jur\u00eddicas del personal, brindando herramientas actualizadas para ofrecer una atenci\u00f3n de mayor calidad y calidez.<br><\/p>\n\n\n\n<p>Entre los participantes en el curso \u201cNuevo C\u00f3digo Nacional de Procedimientos Civiles y Familiares\u201d destac\u00f3 la presencia del director ejecutivo de la Procuradur\u00eda de Protecci\u00f3n de Ni\u00f1as, Ni\u00f1os y Adolescentes de la Ciudad de M\u00e9xico, Rafael Bustamante Mart\u00ednez, directores generales y subdirectores.<br><\/p>\n\n\n\n<p>A lo largo de tres sesiones, con una duraci\u00f3n total de nueve horas, se abordaron temas clave del nuevo C\u00f3digo, como pruebas periciales, testimoniales y documentales, as\u00ed como procesos de adopci\u00f3n, entre otros.<\/p>\n","protected":false},"excerpt":{"rendered":"<p>A lo largo de tres sesiones, con una duraci\u00f3n total de nueve horas, se abordaron temas clave del nuevo C\u00f3digo. \u201cLa capacitaci\u00f3n y profesionalizaci\u00f3n de nuestro personal mejora sus conocimientos para la protecci\u00f3n integral de los derechos de las ni\u00f1as, ni\u00f1os y adolescentes que enfrentan una situaci\u00f3n de vulnerabilidad\u201d, se\u00f1al\u00f3 Beatriz Rojas, directora general del [&hellip;]<\/p>\n","protected":false},"author":1,"featured_media":83020,"comment_status":"closed","ping_status":"closed","sticky":false,"template":"","format":"standard","meta":{"footnotes":""},"categories":[35],"tags":[],"class_list":["post-83019","post","type-post","status-publish","format-standard","has-post-thumbnail","hentry","category-cdmx"],"_links":{"self":[{"href":"https:\/\/elinformante.mx\/index.php?rest_route=\/wp\/v2\/posts\/83019","targetHints":{"allow":["GET"]}}],"collection":[{"href":"https:\/\/elinformante.mx\/index.php?rest_route=\/wp\/v2\/posts"}],"about":[{"href":"https:\/\/elinformante.mx\/index.php?rest_route=\/wp\/v2\/types\/post"}],"author":[{"embeddable":true,"href":"https:\/\/elinformante.mx\/index.php?rest_route=\/wp\/v2\/users\/1"}],"replies":[{"embeddable":true,"href":"https:\/\/elinformante.mx\/index.php?rest_route=%2Fwp%2Fv2%2Fcomments&post=83019"}],"version-history":[{"count":0,"href":"https:\/\/elinformante.mx\/index.php?rest_route=\/wp\/v2\/posts\/83019\/revisions"}],"wp:featuredmedia":[{"embeddable":true,"href":"https:\/\/elinformante.mx\/index.php?rest_route=\/wp\/v2\/media\/83020"}],"wp:attachment":[{"href":"https:\/\/elinformante.mx\/index.php?rest_route=%2Fwp%2Fv2%2Fmedia&parent=83019"}],"wp:term":[{"taxonomy":"category","embeddable":true,"href":"https:\/\/elinformante.mx\/index.php?rest_route=%2Fwp%2Fv2%2Fcategories&post=83019"},{"taxonomy":"post_tag","embeddable":true,"href":"https:\/\/elinformante.mx\/index.php?rest_route=%2Fwp%2Fv2%2Ftags&post=83019"}],"curies":[{"name":"wp","href":"https:\/\/api.w.org\/{rel}","templated":true}]}}