{"id":83022,"date":"2025-05-12T06:43:11","date_gmt":"2025-05-12T12:43:11","guid":{"rendered":"https:\/\/elinformante.mx\/?p=83022"},"modified":"2025-05-12T06:43:14","modified_gmt":"2025-05-12T12:43:14","slug":"clara-brugada-y-lupita-dalessio-festejan-a-las-mamas-de-la-cdmx","status":"publish","type":"post","link":"https:\/\/elinformante.mx\/?p=83022","title":{"rendered":"Clara Brugada y Lupita D\u2019Alessio festejan a las mam\u00e1s de la CDMX"},"content":{"rendered":"\n<figure class=\"wp-block-pullquote\"><blockquote><p>La jefa de Gobierno, Clara Brugada, entreg\u00f3 un reconocimiento a la cantante y actriz mexicana por m\u00e1s de 50 a\u00f1os de trayectoria<\/p><\/blockquote><\/figure>\n\n\n\n<p class=\"has-drop-cap\">M\u00e1s de 100 mil personas, en su mayor\u00eda mujeres, hicieron vibrar el Z\u00f3calo capitalino al conectar con la pasi\u00f3n de la ic\u00f3nica cantante y artista mexicana Lupita D\u2019Alessio, quien ofreci\u00f3 un concierto con motivo del festejo del D\u00eda de las Madres.<br><\/p>\n\n\n\n<p>Durante la presentaci\u00f3n, que transcurri\u00f3 bajo la luz de la luna llena, la jefa de Gobierno de la Ciudad de M\u00e9xico, Clara Brugada Molina, entreg\u00f3 un reconocimiento a la Leona Dormida por su trayectoria de m\u00e1s de medio siglo, tiempo en que ha acompa\u00f1ado a millones de personas con sus canciones de amor, desamor y esperanza, en especial a las mujeres.<br><\/p>\n\n\n\n<p>Clara Brugada felicit\u00f3 a las madres en su d\u00eda y dijo que en su gobierno empieza a hacerse justicia a las mujeres. Lupita D\u2019Alessio agradeci\u00f3 a la jefa de Gobierno por el distintivo tan importante hecho por la Ciudad de M\u00e9xico.<br><\/p>\n\n\n\n<p>Poco antes, la ic\u00f3nica artista tambi\u00e9n agradeci\u00f3 por poder presentarse en la plaza p\u00fablica m\u00e1s importante del pa\u00eds, como parte de su gira de despedida \u201cGracias\u201d.<br><\/p>\n\n\n\n<p>\u201cLe agradezco mucho a Dios, a la vida, estar en este escenario tan importante hist\u00f3ricamente para nuestro pa\u00eds y el mundo entero, que es el Z\u00f3calo de la Ciudad de M\u00e9xico, es un monumento nacional. Para nosotros, mis m\u00fasicos y para todos los que estamos aqu\u00ed, es un honor de verdad que nos hayan tomado en cuenta para esta fecha tan importante. Para todas las madres que est\u00e1n aqu\u00ed esta noche, \u00a1felicidades!\u201d, dijo.<br><\/p>\n\n\n\n<p>En el coraz\u00f3n de la capital, la Leona Dormida abri\u00f3 la noche con la canci\u00f3n \u201cC\u00f3mo se llama\u201d, que fue coreada por las y los asistentes, quienes se emocionaron ante la aparici\u00f3n de la artista en el escenario.<br><\/p>\n\n\n\n<figure class=\"wp-block-image size-large\"><img fetchpriority=\"high\" decoding=\"async\" width=\"1024\" height=\"506\" src=\"https:\/\/elinformante.mx\/wp-content\/uploads\/2025\/05\/5clara-2-1024x506.jpeg\" alt=\"\" class=\"wp-image-83024\" srcset=\"https:\/\/elinformante.mx\/wp-content\/uploads\/2025\/05\/5clara-2-1024x506.jpeg 1024w, https:\/\/elinformante.mx\/wp-content\/uploads\/2025\/05\/5clara-2-300x148.jpeg 300w, https:\/\/elinformante.mx\/wp-content\/uploads\/2025\/05\/5clara-2-768x379.jpeg 768w, https:\/\/elinformante.mx\/wp-content\/uploads\/2025\/05\/5clara-2.jpeg 1140w\" sizes=\"(max-width: 1024px) 100vw, 1024px\" \/><\/figure>\n\n\n\n<p>Luego interpret\u00f3 los temas \u201cHazme olvidarlo\u201d, \u201cAqu\u00ed estoy yo\u201d, \u201cCrees que no me doy cuenta\u201d y \u201cNi guerra ni paz\u201d, un cl\u00e1sico que cant\u00f3 a dueto con su hijo Ernesto D\u2019Alessio, momento que hizo gritar a las y los miles de asistentes.<br><\/p>\n\n\n\n<p>Con porras como \u201c\u00a1Lupita, Lupita, Lupita!\u201d, la legendaria cantante y actriz mexicana tambi\u00e9n cant\u00f3 uno de sus primeros \u00e9xitos, \u201cMi coraz\u00f3n es un gitano\u201d, seguido de \u201cNo preguntes con qui\u00e9n\u201d, adem\u00e1s de su interpretaci\u00f3n de \u201cCostumbres\u201d, para pasar a un popurr\u00ed de \u00e9xitos.<br><\/p>\n\n\n\n<p>Uno de los momentos de mayor conexi\u00f3n con el p\u00fablico fue al concluir \u201cAcar\u00edciame\u201d, pues las y los miles de asistentes se levantaron de sus asientos para aplaudir y lanzar la porra \u201c\u00a1se ve, se siente, Lupita est\u00e1 presente!\u201d.<br><\/p>\n\n\n\n<p>D\u2019Alessio tambi\u00e9n interpret\u00f3 \u201cInocente pobre amiga\u201d, \u201cEse hombre\u201d y deleit\u00f3 con \u201cQu\u00e9 ganas de no verte m\u00e1s\u201d, melod\u00eda que mam\u00e1s, abuelas, hijas e hijos y en general tanto mujeres como hombres siguieron a coro con pasi\u00f3n.<br><\/p>\n\n\n\n<p>Finalmente, cant\u00f3 \u201cS\u00e9 que Dios me ama\u201d y cerr\u00f3 con sus mayores \u00e9xitos: \u201cMudanzas\u201d y \u201cMentiras\u201d, abrazada de su familia, momento en que agradeci\u00f3 el apoyo de las personas asistentes, quienes cantaron al un\u00edsono.<br><\/p>\n\n\n\n<p>Durante el evento se colocaron miles de sillas para la comodidad del p\u00fablico asistente, en especial de personas adultas mayores. Se cont\u00f3 con un despliegue de personal de seguridad, protecci\u00f3n civil y param\u00e9dicos a fin de garantizar la integridad de todas y todos.<\/p>\n","protected":false},"excerpt":{"rendered":"<p>La jefa de Gobierno, Clara Brugada, entreg\u00f3 un reconocimiento a la cantante y actriz mexicana por m\u00e1s de 50 a\u00f1os de trayectoria M\u00e1s de 100 mil personas, en su mayor\u00eda mujeres, hicieron vibrar el Z\u00f3calo capitalino al conectar con la pasi\u00f3n de la ic\u00f3nica cantante y artista mexicana Lupita D\u2019Alessio, quien ofreci\u00f3 un concierto con [&hellip;]<\/p>\n","protected":false},"author":1,"featured_media":83023,"comment_status":"closed","ping_status":"closed","sticky":false,"template":"","format":"standard","meta":{"footnotes":""},"categories":[35,30],"tags":[],"class_list":["post-83022","post","type-post","status-publish","format-standard","has-post-thumbnail","hentry","category-cdmx","category-destacado"],"_links":{"self":[{"href":"https:\/\/elinformante.mx\/index.php?rest_route=\/wp\/v2\/posts\/83022","targetHints":{"allow":["GET"]}}],"collection":[{"href":"https:\/\/elinformante.mx\/index.php?rest_route=\/wp\/v2\/posts"}],"about":[{"href":"https:\/\/elinformante.mx\/index.php?rest_route=\/wp\/v2\/types\/post"}],"author":[{"embeddable":true,"href":"https:\/\/elinformante.mx\/index.php?rest_route=\/wp\/v2\/users\/1"}],"replies":[{"embeddable":true,"href":"https:\/\/elinformante.mx\/index.php?rest_route=%2Fwp%2Fv2%2Fcomments&post=83022"}],"version-history":[{"count":0,"href":"https:\/\/elinformante.mx\/index.php?rest_route=\/wp\/v2\/posts\/83022\/revisions"}],"wp:featuredmedia":[{"embeddable":true,"href":"https:\/\/elinformante.mx\/index.php?rest_route=\/wp\/v2\/media\/83023"}],"wp:attachment":[{"href":"https:\/\/elinformante.mx\/index.php?rest_route=%2Fwp%2Fv2%2Fmedia&parent=83022"}],"wp:term":[{"taxonomy":"category","embeddable":true,"href":"https:\/\/elinformante.mx\/index.php?rest_route=%2Fwp%2Fv2%2Fcategories&post=83022"},{"taxonomy":"post_tag","embeddable":true,"href":"https:\/\/elinformante.mx\/index.php?rest_route=%2Fwp%2Fv2%2Ftags&post=83022"}],"curies":[{"name":"wp","href":"https:\/\/api.w.org\/{rel}","templated":true}]}}