{"id":83026,"date":"2025-05-12T06:45:40","date_gmt":"2025-05-12T12:45:40","guid":{"rendered":"https:\/\/elinformante.mx\/?p=83026"},"modified":"2025-05-12T06:45:54","modified_gmt":"2025-05-12T12:45:54","slug":"celebra-juarezbus-su-1er-aniversario-con-15-millones-de-viajes-brindados","status":"publish","type":"post","link":"https:\/\/elinformante.mx\/?p=83026","title":{"rendered":"Celebra Ju\u00e1rezBus su 1er aniversario con 15 millones de viajes brindados"},"content":{"rendered":"\n<figure class=\"wp-block-pullquote\"><blockquote><p>Durante estos 12 meses de trabajo, la operaci\u00f3n de las tres rutas troncales del sistema BRT gener\u00f3 un cambio para los habitantes de la frontera.<\/p><\/blockquote><\/figure>\n\n\n\n<p class=\"has-drop-cap\">La Operadora de Transporte (OTV) inform\u00f3 que con 15 millones de viajes brindados, el sistema Ju\u00e1rezBus cumple su primer aniversario y se consolida como una alternativa de transporte \u00e1gil, segura, y digna para las y los juarenses.<br><\/p>\n\n\n\n<p>Durante estos 12 meses de trabajo, la operaci\u00f3n de las tres rutas troncales del sistema BRT gener\u00f3 un cambio para los habitantes de la frontera.<br><\/p>\n\n\n\n<p>Los adultos mayores, personas con discapacidad, estudiantes y miembros de los pueblos originarios, gozan diariamente del beneficio de una tarifa reducida con la tarjeta preferencial, que se tramita en los Centros de Atenci\u00f3n de Movilidad (CAM), donde se han expedido m\u00e1s de 250 mil credenciales.<br><\/p>\n\n\n\n<p>Este aniversario representa no solo un compromiso cumplido por Gobierno del Estado, sino la puesta en marcha de una infraestructura p\u00fablica que mejora la movilidad de las y los juarenses, al dejar atr\u00e1s una historia de omisiones y malas decisiones en la materia.<br><\/p>\n\n\n\n<p>Se\u00f1alaron que los trayectos son m\u00e1s r\u00e1pidos, seguros y c\u00f3modos, por lo que Ciudad Ju\u00e1rez est\u00e1 comunicado como nunca antes y da pasos firmes hacia un sistema integrado, moderno, eficiente y humano.<br><\/p>\n\n\n\n<p>Ju\u00e1rezBus se fortalece hacia el futuro con acciones concretas, como la rehabilitaci\u00f3n y puesta en marcha de 9 estaciones en BRT- 1, la mejora constante de las unidades en que dan cobertura a las rutas alimentadoras y la consolidaci\u00f3n del Sistema Integrado de Transporte.<\/p>\n","protected":false},"excerpt":{"rendered":"<p>Durante estos 12 meses de trabajo, la operaci\u00f3n de las tres rutas troncales del sistema BRT gener\u00f3 un cambio para los habitantes de la frontera. La Operadora de Transporte (OTV) inform\u00f3 que con 15 millones de viajes brindados, el sistema Ju\u00e1rezBus cumple su primer aniversario y se consolida como una alternativa de transporte \u00e1gil, segura, [&hellip;]<\/p>\n","protected":false},"author":1,"featured_media":83027,"comment_status":"closed","ping_status":"closed","sticky":false,"template":"","format":"standard","meta":{"footnotes":""},"categories":[34],"tags":[],"class_list":["post-83026","post","type-post","status-publish","format-standard","has-post-thumbnail","hentry","category-nacional"],"_links":{"self":[{"href":"https:\/\/elinformante.mx\/index.php?rest_route=\/wp\/v2\/posts\/83026","targetHints":{"allow":["GET"]}}],"collection":[{"href":"https:\/\/elinformante.mx\/index.php?rest_route=\/wp\/v2\/posts"}],"about":[{"href":"https:\/\/elinformante.mx\/index.php?rest_route=\/wp\/v2\/types\/post"}],"author":[{"embeddable":true,"href":"https:\/\/elinformante.mx\/index.php?rest_route=\/wp\/v2\/users\/1"}],"replies":[{"embeddable":true,"href":"https:\/\/elinformante.mx\/index.php?rest_route=%2Fwp%2Fv2%2Fcomments&post=83026"}],"version-history":[{"count":0,"href":"https:\/\/elinformante.mx\/index.php?rest_route=\/wp\/v2\/posts\/83026\/revisions"}],"wp:featuredmedia":[{"embeddable":true,"href":"https:\/\/elinformante.mx\/index.php?rest_route=\/wp\/v2\/media\/83027"}],"wp:attachment":[{"href":"https:\/\/elinformante.mx\/index.php?rest_route=%2Fwp%2Fv2%2Fmedia&parent=83026"}],"wp:term":[{"taxonomy":"category","embeddable":true,"href":"https:\/\/elinformante.mx\/index.php?rest_route=%2Fwp%2Fv2%2Fcategories&post=83026"},{"taxonomy":"post_tag","embeddable":true,"href":"https:\/\/elinformante.mx\/index.php?rest_route=%2Fwp%2Fv2%2Ftags&post=83026"}],"curies":[{"name":"wp","href":"https:\/\/api.w.org\/{rel}","templated":true}]}}