{"id":83029,"date":"2025-05-12T06:51:28","date_gmt":"2025-05-12T12:51:28","guid":{"rendered":"https:\/\/elinformante.mx\/?p=83029"},"modified":"2025-05-12T06:51:29","modified_gmt":"2025-05-12T12:51:29","slug":"analizan-mara-lezama-y-wilfred-mohr-embajador-de-paises-bajos-proyecto-de-saneamiento-y-economia-circular","status":"publish","type":"post","link":"https:\/\/elinformante.mx\/?p=83029","title":{"rendered":"Analizan Mara Lezama y Wilfred Mohr, embajador de Pa\u00edses Bajos, proyecto de Saneamiento y Econom\u00eda Circular"},"content":{"rendered":"\n<figure class=\"wp-block-pullquote\"><blockquote><p>Este proyecto permitir\u00e1 dar soluci\u00f3n en el largo plazo a la gesti\u00f3n de sargazo en el norte de Quintana Roo y el tratamiento de las aguas residuales en la Zona Hotelera de Canc\u00fan<\/p><\/blockquote><\/figure>\n\n\n\n<p class=\"has-drop-cap\">Encabezado por la gobernadora Mara Lezama Espinosa y el embajador del Reino de los Pa\u00edses Bajos en M\u00e9xico, Wilfred Mohr, el gobierno de Quintana Roo present\u00f3 una propuesta de inversi\u00f3n para la construcci\u00f3n del Centro Integral de Saneamiento y Econom\u00eda Circular, mismo que eval\u00faa un comit\u00e9 t\u00e9cnico.<br><\/p>\n\n\n\n<p>Este Centro Integral contempla la implementaci\u00f3n de tecnolog\u00eda de punta holandesa y mexicana que permite dar soluci\u00f3n en el largo plazo a la gesti\u00f3n de sargazo en el norte de Quintana Roo y el tratamiento de las aguas residuales en la Zona Hotelera de Canc\u00fan, mitigando riesgos ambientales y de salud p\u00fablica, e incentivando la economia local y el desarrollo compartido.<br><\/p>\n\n\n\n<p>Durante el encuentro se cont\u00f3 con la participaci\u00f3n de Jacob Alexander Pielkenro, CEO de Dutch CleanTech, quien fue invitado con el objetivo de conocer de primera mano los retos y oportunidades del estado, as\u00ed como compartir el enfoque tecnol\u00f3gico de vanguardia que ha posicionado a Pa\u00edses Bajos como l\u00edder mundial en soluciones integrales para el manejo del agua y los oc\u00e9anos.<br><\/p>\n\n\n\n<p>Su presencia no implica un compromiso inmediato de desarrollo, sino que forma parte del proceso de evaluaci\u00f3n t\u00e9cnica y de cooperaci\u00f3n internacional que el Gobierno del Estado ha impulsado bajo una l\u00f3gica de transparencia y sostenibilidad.<br><\/p>\n\n\n\n<figure class=\"wp-block-image size-large\"><img fetchpriority=\"high\" decoding=\"async\" width=\"1024\" height=\"506\" src=\"https:\/\/elinformante.mx\/wp-content\/uploads\/2025\/05\/4mara-2-1024x506.jpeg\" alt=\"\" class=\"wp-image-83031\" srcset=\"https:\/\/elinformante.mx\/wp-content\/uploads\/2025\/05\/4mara-2-1024x506.jpeg 1024w, https:\/\/elinformante.mx\/wp-content\/uploads\/2025\/05\/4mara-2-300x148.jpeg 300w, https:\/\/elinformante.mx\/wp-content\/uploads\/2025\/05\/4mara-2-768x379.jpeg 768w, https:\/\/elinformante.mx\/wp-content\/uploads\/2025\/05\/4mara-2.jpeg 1140w\" sizes=\"(max-width: 1024px) 100vw, 1024px\" \/><\/figure>\n\n\n\n<p>Presente en la reuni\u00f3n el secretario de Ecolog\u00eda y Medio ambiente, \u00d3scar R\u00e9bora, explic\u00f3 que este proyecto se ha planteado para dar soluci\u00f3n integral a dos grandes amenazas ambientales que ponen en peligro a la econom\u00eda de Quintana Roo y en particular de Canc\u00fan: el arribo masivo de sargazo y el saneamiento de las aguas residuales generadas en la Zona Hotelera.<br><\/p>\n\n\n\n<p>Explic\u00f3 que el proyecto consta de monitoreo, gesti\u00f3n integral, recolecci\u00f3n y transporte de sargazo; implementaci\u00f3n de tres plantas de tratamiento de aguas residuales en la Zona Hotelera de Canc\u00fan; biodigesti\u00f3n de sargazo, residuos org\u00e1nicos y materia de poda; y la producci\u00f3n y comercializaci\u00f3n de biometano (gas natural).<br><\/p>\n\n\n\n<p>Los Pa\u00edses Bajos son uno de los m\u00e1s avanzados en gesti\u00f3n de agua y oc\u00e9anos. Como resultado del trabajo y colaboraci\u00f3n conjunta, y a la confianza que tienen a nuestro pa\u00eds y estado, se hizo notar la importancia de iniciar los trabajos conjuntos para la implementaci\u00f3n del Proyecto, el cual contempla el financiamiento, dise\u00f1o, construcci\u00f3n y operaci\u00f3n por parte de un consorcio holand\u00e9s constituido por Dutch CleanTech y Oceanus.<br><\/p>\n\n\n\n<p>La gobernadora Mara Lezama destac\u00f3 que este proyecto est\u00e1 alineado con el Nuevo Acuerdo por el Bienestar y Desarrollo de Quintana Roo, a trav\u00e9s del cual se trabaja para generar prosperidad compartida con acciones que mitiguen riesgos ambientales y de salud p\u00fablica, e incentivar la econom\u00eda local y el desarrollo compartido en el estado.<\/p>\n","protected":false},"excerpt":{"rendered":"<p>Este proyecto permitir\u00e1 dar soluci\u00f3n en el largo plazo a la gesti\u00f3n de sargazo en el norte de Quintana Roo y el tratamiento de las aguas residuales en la Zona Hotelera de Canc\u00fan Encabezado por la gobernadora Mara Lezama Espinosa y el embajador del Reino de los Pa\u00edses Bajos en M\u00e9xico, Wilfred Mohr, el gobierno [&hellip;]<\/p>\n","protected":false},"author":1,"featured_media":83030,"comment_status":"closed","ping_status":"closed","sticky":false,"template":"","format":"standard","meta":{"footnotes":""},"categories":[30,34],"tags":[],"class_list":["post-83029","post","type-post","status-publish","format-standard","has-post-thumbnail","hentry","category-destacado","category-nacional"],"_links":{"self":[{"href":"https:\/\/elinformante.mx\/index.php?rest_route=\/wp\/v2\/posts\/83029","targetHints":{"allow":["GET"]}}],"collection":[{"href":"https:\/\/elinformante.mx\/index.php?rest_route=\/wp\/v2\/posts"}],"about":[{"href":"https:\/\/elinformante.mx\/index.php?rest_route=\/wp\/v2\/types\/post"}],"author":[{"embeddable":true,"href":"https:\/\/elinformante.mx\/index.php?rest_route=\/wp\/v2\/users\/1"}],"replies":[{"embeddable":true,"href":"https:\/\/elinformante.mx\/index.php?rest_route=%2Fwp%2Fv2%2Fcomments&post=83029"}],"version-history":[{"count":0,"href":"https:\/\/elinformante.mx\/index.php?rest_route=\/wp\/v2\/posts\/83029\/revisions"}],"wp:featuredmedia":[{"embeddable":true,"href":"https:\/\/elinformante.mx\/index.php?rest_route=\/wp\/v2\/media\/83030"}],"wp:attachment":[{"href":"https:\/\/elinformante.mx\/index.php?rest_route=%2Fwp%2Fv2%2Fmedia&parent=83029"}],"wp:term":[{"taxonomy":"category","embeddable":true,"href":"https:\/\/elinformante.mx\/index.php?rest_route=%2Fwp%2Fv2%2Fcategories&post=83029"},{"taxonomy":"post_tag","embeddable":true,"href":"https:\/\/elinformante.mx\/index.php?rest_route=%2Fwp%2Fv2%2Ftags&post=83029"}],"curies":[{"name":"wp","href":"https:\/\/api.w.org\/{rel}","templated":true}]}}