{"id":83033,"date":"2025-05-12T07:01:16","date_gmt":"2025-05-12T13:01:16","guid":{"rendered":"https:\/\/elinformante.mx\/?p=83033"},"modified":"2025-05-12T07:01:17","modified_gmt":"2025-05-12T13:01:17","slug":"autoridades-emiten-alerta-por-picaduras-de-aranas-violinistas-en-mexico","status":"publish","type":"post","link":"https:\/\/elinformante.mx\/?p=83033","title":{"rendered":"Autoridades emiten alerta por picaduras de ara\u00f1as violinistas en M\u00e9xico"},"content":{"rendered":"\n<figure class=\"wp-block-pullquote\"><blockquote><p>Los investigadores han mencionado que mayo y junio son los meses d\u00f3nde se registra el mayor n\u00famero de ataques.<\/p><\/blockquote><\/figure>\n\n\n\n<p class=\"has-drop-cap\">Las autoridades de todo el pa\u00eds mantienen encendidas las alarmas sanitarias por el incremento reciente en las picaduras de ara\u00f1a violinista.<br><\/p>\n\n\n\n<p>En estados como Puebla se han reportado unos ocho casos, por lo que las autoridades han activado los protocolos correspondientes para evitar una mordedura que si no es atendida podr\u00eda ser mortal.<br><\/p>\n\n\n\n<p>Mientras que en Nuevo Laredo se present\u00f3 el segundo caso confirmado en el Hospital General, donde un hombre de aproximadamente 34 a\u00f1os fue atendido de emergencia la semana pasada.<br><\/p>\n\n\n\n<p>Coahuila emiti\u00f3 una alerta preventiva ante el aumento significativo en los reportes sobre la ara\u00f1a violinista detectada principalmente en municipios del norte del estado, como Piedras Negras, Allende, Nava, Zaragoza, Morelos y Villa Uni\u00f3n.<br><\/p>\n\n\n\n<p>Los investigadores han mencionado que mayo y junio son los meses d\u00f3nde se registra el mayor n\u00famero de ataques.<br><\/p>\n\n\n\n<p>En este contexto, se exhorta a la poblaci\u00f3n a tomar precauciones, ya que la mayor\u00eda de las mordeduras ocurren de forma accidental; por lo que se recomienda las siguientes medidas:<br><\/p>\n\n\n\n<p>Mantener los hogares limpios, evitar acumulaciones, sellar grietas, revisar ropa antes de usarla y sacudir los zapatos antes de ponerlos<br><\/p>\n\n\n\n<p>La ara\u00f1a violinista es una especie identificada por tener una medida de 1.8 a 3 cent\u00edmetros de largo, tiene seis ojos, ocho patas y es de color caf\u00e9 o gris. Dicho insecto es end\u00e9mico de los Estados Unidos y M\u00e9xico. Adem\u00e1s reportes de National Geographic han revelado que su presencia aumenta en temporada de lluvias.<br><\/p>\n\n\n\n<p>Es importante destacar que las ara\u00f1as violinistas no son agresivas, sin embargo, si llega a sentirse en peligro es evidente que se defender\u00e1. El veneno de dicha especie es peligroso, ya que al ingresar al cuerpo sus enzimas comienzan a destruir los tejidos y todo lo que tenga prote\u00ednas.<\/p>\n","protected":false},"excerpt":{"rendered":"<p>Los investigadores han mencionado que mayo y junio son los meses d\u00f3nde se registra el mayor n\u00famero de ataques. Las autoridades de todo el pa\u00eds mantienen encendidas las alarmas sanitarias por el incremento reciente en las picaduras de ara\u00f1a violinista. En estados como Puebla se han reportado unos ocho casos, por lo que las autoridades [&hellip;]<\/p>\n","protected":false},"author":1,"featured_media":83034,"comment_status":"closed","ping_status":"closed","sticky":false,"template":"","format":"standard","meta":{"footnotes":""},"categories":[34],"tags":[],"class_list":["post-83033","post","type-post","status-publish","format-standard","has-post-thumbnail","hentry","category-nacional"],"_links":{"self":[{"href":"https:\/\/elinformante.mx\/index.php?rest_route=\/wp\/v2\/posts\/83033","targetHints":{"allow":["GET"]}}],"collection":[{"href":"https:\/\/elinformante.mx\/index.php?rest_route=\/wp\/v2\/posts"}],"about":[{"href":"https:\/\/elinformante.mx\/index.php?rest_route=\/wp\/v2\/types\/post"}],"author":[{"embeddable":true,"href":"https:\/\/elinformante.mx\/index.php?rest_route=\/wp\/v2\/users\/1"}],"replies":[{"embeddable":true,"href":"https:\/\/elinformante.mx\/index.php?rest_route=%2Fwp%2Fv2%2Fcomments&post=83033"}],"version-history":[{"count":0,"href":"https:\/\/elinformante.mx\/index.php?rest_route=\/wp\/v2\/posts\/83033\/revisions"}],"wp:featuredmedia":[{"embeddable":true,"href":"https:\/\/elinformante.mx\/index.php?rest_route=\/wp\/v2\/media\/83034"}],"wp:attachment":[{"href":"https:\/\/elinformante.mx\/index.php?rest_route=%2Fwp%2Fv2%2Fmedia&parent=83033"}],"wp:term":[{"taxonomy":"category","embeddable":true,"href":"https:\/\/elinformante.mx\/index.php?rest_route=%2Fwp%2Fv2%2Fcategories&post=83033"},{"taxonomy":"post_tag","embeddable":true,"href":"https:\/\/elinformante.mx\/index.php?rest_route=%2Fwp%2Fv2%2Ftags&post=83033"}],"curies":[{"name":"wp","href":"https:\/\/api.w.org\/{rel}","templated":true}]}}