{"id":83039,"date":"2025-05-12T07:04:06","date_gmt":"2025-05-12T13:04:06","guid":{"rendered":"https:\/\/elinformante.mx\/?p=83039"},"modified":"2025-05-12T07:04:07","modified_gmt":"2025-05-12T13:04:07","slug":"el-origen-del-impulso-tiene-nombre-y-apellido-pero-le-decimos-mama","status":"publish","type":"post","link":"https:\/\/elinformante.mx\/?p=83039","title":{"rendered":"EL ORIGEN DEL IMPULSO TIENE NOMBRE Y APELLIDO PERO LE DECIMOS MAM\u00c1"},"content":{"rendered":"\n<figure class=\"wp-block-pullquote\"><blockquote><p><strong>Por Rosalba Azucena Gil Mej\u00eda<\/strong><\/p><\/blockquote><\/figure>\n\n\n\n<figure class=\"wp-block-image size-large\"><img fetchpriority=\"high\" decoding=\"async\" width=\"1024\" height=\"506\" src=\"https:\/\/elinformante.mx\/wp-content\/uploads\/2025\/05\/columna-rosalba-2-1024x506.jpg\" alt=\"\" class=\"wp-image-83041\" srcset=\"https:\/\/elinformante.mx\/wp-content\/uploads\/2025\/05\/columna-rosalba-2-1024x506.jpg 1024w, https:\/\/elinformante.mx\/wp-content\/uploads\/2025\/05\/columna-rosalba-2-300x148.jpg 300w, https:\/\/elinformante.mx\/wp-content\/uploads\/2025\/05\/columna-rosalba-2-768x379.jpg 768w, https:\/\/elinformante.mx\/wp-content\/uploads\/2025\/05\/columna-rosalba-2.jpg 1140w\" sizes=\"(max-width: 1024px) 100vw, 1024px\" \/><\/figure>\n\n\n\n<p class=\"has-drop-cap\">Hay un origen silencioso que todo lo impulsa. No es visible a primera vista, pero se manifiesta en la forma de mirar la vida, de asumir responsabilidades y de sostener principios incluso cuando todo alrededor cambia. Ese origen, en mi historia, tiene nombre: mi madre.<br><\/p>\n\n\n\n<p>Lo que soy \u2014mi compromiso, mi vocaci\u00f3n, mi car\u00e1cter\u2014 se sostiene en la fuerza cotidiana de quien me ense\u00f1\u00f3 a ser firme sin dejar de ser compasiva, a hablar claro sin dejar de escuchar, a hacer sin esperar reconocimiento. De ella aprend\u00ed que el verdadero poder est\u00e1 en sostener, en cuidar, en estar.<br><\/p>\n\n\n\n<p>En la vida p\u00fablica, como en la vida personal, lo verdaderamente transformador no siempre se ve. Pero se siente. Se refleja en las decisiones que tomamos, en la forma en la que caminamos hacia adelante sin olvidar de d\u00f3nde venimos.<br><\/p>\n\n\n\n<p>A ti, mam\u00e1, gracias por ser ra\u00edz y gu\u00eda. Por ense\u00f1arme que el deber no se impone, se abraza. Que el liderazgo no se grita, se ejerce. Que la justicia empieza por casa, por la forma en que tratamos a quienes nos rodean, por la integridad con la que nos conducimos, incluso cuando nadie nos observa.<br><\/p>\n\n\n\n<p>Hoy camino convencida de que esa ense\u00f1anza es tambi\u00e9n pol\u00edtica. Porque el servicio p\u00fablico requiere humanidad, coherencia y fuerza interior. Requiere, como t\u00fa, presencia constante, incluso en silencio.<br><\/p>\n\n\n\n<p>A ti te debo todo lo que soy. Y desde ese origen, construyo cada paso de lo que est\u00e1 por venir.<\/p>\n\n\n\n<p><\/p>\n","protected":false},"excerpt":{"rendered":"<p>Por Rosalba Azucena Gil Mej\u00eda Hay un origen silencioso que todo lo impulsa. No es visible a primera vista, pero se manifiesta en la forma de mirar la vida, de asumir responsabilidades y de sostener principios incluso cuando todo alrededor cambia. Ese origen, en mi historia, tiene nombre: mi madre. Lo que soy \u2014mi compromiso, [&hellip;]<\/p>\n","protected":false},"author":1,"featured_media":83040,"comment_status":"closed","ping_status":"closed","sticky":false,"template":"","format":"standard","meta":{"footnotes":""},"categories":[32],"tags":[],"class_list":["post-83039","post","type-post","status-publish","format-standard","has-post-thumbnail","hentry","category-editorial"],"_links":{"self":[{"href":"https:\/\/elinformante.mx\/index.php?rest_route=\/wp\/v2\/posts\/83039","targetHints":{"allow":["GET"]}}],"collection":[{"href":"https:\/\/elinformante.mx\/index.php?rest_route=\/wp\/v2\/posts"}],"about":[{"href":"https:\/\/elinformante.mx\/index.php?rest_route=\/wp\/v2\/types\/post"}],"author":[{"embeddable":true,"href":"https:\/\/elinformante.mx\/index.php?rest_route=\/wp\/v2\/users\/1"}],"replies":[{"embeddable":true,"href":"https:\/\/elinformante.mx\/index.php?rest_route=%2Fwp%2Fv2%2Fcomments&post=83039"}],"version-history":[{"count":0,"href":"https:\/\/elinformante.mx\/index.php?rest_route=\/wp\/v2\/posts\/83039\/revisions"}],"wp:featuredmedia":[{"embeddable":true,"href":"https:\/\/elinformante.mx\/index.php?rest_route=\/wp\/v2\/media\/83040"}],"wp:attachment":[{"href":"https:\/\/elinformante.mx\/index.php?rest_route=%2Fwp%2Fv2%2Fmedia&parent=83039"}],"wp:term":[{"taxonomy":"category","embeddable":true,"href":"https:\/\/elinformante.mx\/index.php?rest_route=%2Fwp%2Fv2%2Fcategories&post=83039"},{"taxonomy":"post_tag","embeddable":true,"href":"https:\/\/elinformante.mx\/index.php?rest_route=%2Fwp%2Fv2%2Ftags&post=83039"}],"curies":[{"name":"wp","href":"https:\/\/api.w.org\/{rel}","templated":true}]}}