{"id":83046,"date":"2025-05-12T07:34:02","date_gmt":"2025-05-12T13:34:02","guid":{"rendered":"https:\/\/elinformante.mx\/?p=83046"},"modified":"2025-05-12T07:34:05","modified_gmt":"2025-05-12T13:34:05","slug":"claudia-sheinbaum-y-delfina-gomez-dan-inicio-a-pruebas-preoperativas-del-trolebus-chalco-santa-martha","status":"publish","type":"post","link":"https:\/\/elinformante.mx\/?p=83046","title":{"rendered":"CLAUDIA SHEINBAUM Y DELFINA G\u00d3MEZ DAN INICIO A PRUEBAS PREOPERATIVAS DEL TROLEB\u00daS CHALCO-SANTA MARTHA"},"content":{"rendered":"\n<figure class=\"wp-block-pullquote\"><blockquote><p>-Reduce el tiempo de traslado entre el oriente del Estado de M\u00e9xico y la Ciudad de M\u00e9xico de una hora y media a 40 minutos<br>-Las unidades son el\u00e9ctricas, tienen WiFi gratuito, c\u00e1maras de seguridad, rampas para personas discapacitadas, \u00e1rea para animales de asistencia, portabultos y espacios preferentes para mujeres.<\/p><\/blockquote><\/figure>\n\n\n\n<p class=\"has-drop-cap\">La Presidenta de M\u00e9xico, Claudia Sheinbaum Pardo, encabez\u00f3 el inicio de las pruebas preoperativas de la L\u00ednea 11 del Troleb\u00fas Chalco-Santa Martha, que se inaugurar\u00e1 el pr\u00f3ximo 18 de mayo, y el cual representa un transporte sustentable que garantiza justicia social para el que menos tiene.<br><\/p>\n\n\n\n<p>\u201cComo dec\u00edamos en la Ciudad, el mejor transporte para el que menos tiene es la traducci\u00f3n de \u2018por el bien de todos, primero los pobres\u2019. Este transporte es mejorar el medio ambiente, pero es, sobre todo, justicia social para todos lo que lo necesitan\u201d, inform\u00f3.<br><\/p>\n\n\n\n<figure class=\"wp-block-image size-large\"><img fetchpriority=\"high\" decoding=\"async\" width=\"1024\" height=\"506\" src=\"https:\/\/elinformante.mx\/wp-content\/uploads\/2025\/05\/9claudia-2-1024x506.jpeg\" alt=\"\" class=\"wp-image-83048\" srcset=\"https:\/\/elinformante.mx\/wp-content\/uploads\/2025\/05\/9claudia-2-1024x506.jpeg 1024w, https:\/\/elinformante.mx\/wp-content\/uploads\/2025\/05\/9claudia-2-300x148.jpeg 300w, https:\/\/elinformante.mx\/wp-content\/uploads\/2025\/05\/9claudia-2-768x379.jpeg 768w, https:\/\/elinformante.mx\/wp-content\/uploads\/2025\/05\/9claudia-2.jpeg 1140w\" sizes=\"(max-width: 1024px) 100vw, 1024px\" \/><\/figure>\n\n\n\n<p>Destac\u00f3 esta obra, que inici\u00f3 en la administraci\u00f3n del expresidente Andr\u00e9s Manuel L\u00f3pez Obrador, como una acci\u00f3n innovadora y \u00fanica en el mundo, que va a reducir de hora y media a 40 minutos el tiempo de traslado que hay entre el oriente del Estado de M\u00e9xico y la Ciudad de M\u00e9xico, en beneficio de 2.9 millones de habitantes de la Zona Metropolitana del Valle de M\u00e9xico (ZMVM).<br><\/p>\n\n\n\n<p>Precis\u00f3 que, actualmente, faltan seis estaciones por concluir su construcci\u00f3n: tres de ellas debido a las obras del colector pluvial en Chalco, y tres m\u00e1s que contin\u00faan siendo desarrolladas.<br><\/p>\n\n\n\n<figure class=\"wp-block-image size-large\"><img decoding=\"async\" width=\"1024\" height=\"506\" src=\"https:\/\/elinformante.mx\/wp-content\/uploads\/2025\/05\/9claudia-3-1024x506.jpeg\" alt=\"\" class=\"wp-image-83049\" srcset=\"https:\/\/elinformante.mx\/wp-content\/uploads\/2025\/05\/9claudia-3-1024x506.jpeg 1024w, https:\/\/elinformante.mx\/wp-content\/uploads\/2025\/05\/9claudia-3-300x148.jpeg 300w, https:\/\/elinformante.mx\/wp-content\/uploads\/2025\/05\/9claudia-3-768x379.jpeg 768w, https:\/\/elinformante.mx\/wp-content\/uploads\/2025\/05\/9claudia-3.jpeg 1140w\" sizes=\"(max-width: 1024px) 100vw, 1024px\" \/><\/figure>\n\n\n\n<p>El titular de la Agencia Reguladora del Transporte Ferroviario de la Secretar\u00eda de Infraestructura, Comunicaciones y Transportes, Andr\u00e9s Lajous Loaeza, puntualiz\u00f3 que este transporte cruza por Iztapalapa y los municipios de La Paz, Nezahualc\u00f3yotl, Chalco, Valle de Chalco e Ixtapaluca. Se proyecta que tenga 76 mil usuarios, en promedio, de la Ciudad de M\u00e9xico y 120 mil aproximadamente del Estado de M\u00e9xico.<br><\/p>\n\n\n\n<p>Detall\u00f3 que, para la operaci\u00f3n de este servicio, en el sexenio del expresidente Andr\u00e9s Manuel L\u00f3pez Obrador se adquirieron 102 trolebuses con una inversi\u00f3n de mil 411 millones de pesos (mdp), y su operaci\u00f3n estar\u00e1 a cargo del Servicio de Transportes El\u00e9ctricos de la Ciudad de M\u00e9xico, que actualmente opera el Tren Ligero, el Cableb\u00fas y el Troleb\u00fas Elevado de Iztapalapa.<br><\/p>\n\n\n\n<figure class=\"wp-block-image size-large\"><img decoding=\"async\" width=\"1024\" height=\"506\" src=\"https:\/\/elinformante.mx\/wp-content\/uploads\/2025\/05\/9claudia-4-1024x506.jpeg\" alt=\"\" class=\"wp-image-83050\" srcset=\"https:\/\/elinformante.mx\/wp-content\/uploads\/2025\/05\/9claudia-4-1024x506.jpeg 1024w, https:\/\/elinformante.mx\/wp-content\/uploads\/2025\/05\/9claudia-4-300x148.jpeg 300w, https:\/\/elinformante.mx\/wp-content\/uploads\/2025\/05\/9claudia-4-768x379.jpeg 768w, https:\/\/elinformante.mx\/wp-content\/uploads\/2025\/05\/9claudia-4.jpeg 1140w\" sizes=\"(max-width: 1024px) 100vw, 1024px\" \/><\/figure>\n\n\n\n<p>La Jefa de Gobierno, Clara Brugada Molina, resalt\u00f3 que el Troleb\u00fas Chalco-Santa Martha significa el inicio de un sistema metropolitano de transporte, gracias a la coordinaci\u00f3n del Gobierno de M\u00e9xico, de la Ciudad y del Estado de M\u00e9xico.<br><\/p>\n\n\n\n<p>La gobernadora del Estado de M\u00e9xico, Delfina G\u00f3mez \u00c1lvarez, resalt\u00f3 que esta nueva obra de movilidad es incluyente y econ\u00f3mica, la cual beneficiar\u00e1 a la poblaci\u00f3n m\u00e1s pobre del oriente de la entidad.<br><\/p>\n\n\n\n<figure class=\"wp-block-image size-large\"><img loading=\"lazy\" decoding=\"async\" width=\"1024\" height=\"506\" src=\"https:\/\/elinformante.mx\/wp-content\/uploads\/2025\/05\/9claudia-5-1024x506.jpeg\" alt=\"\" class=\"wp-image-83051\" srcset=\"https:\/\/elinformante.mx\/wp-content\/uploads\/2025\/05\/9claudia-5-1024x506.jpeg 1024w, https:\/\/elinformante.mx\/wp-content\/uploads\/2025\/05\/9claudia-5-300x148.jpeg 300w, https:\/\/elinformante.mx\/wp-content\/uploads\/2025\/05\/9claudia-5-768x379.jpeg 768w, https:\/\/elinformante.mx\/wp-content\/uploads\/2025\/05\/9claudia-5.jpeg 1140w\" sizes=\"(max-width: 1024px) 100vw, 1024px\" \/><\/figure>\n\n\n\n<p>\u201cNuestros j\u00f3venes, la gente va a trabajar, lo va a agradecer mucho, de poder dormir quiz\u00e1 media hora, un poquito m\u00e1s, y que tenga esa generosidad de tener un transporte digno, un transporte seguro, eficiente, eso va a ayudar mucho\u201d, se\u00f1al\u00f3.<br><\/p>\n\n\n\n<p>La L\u00ednea 11 del Troleb\u00fas Chalco-Santa Martha forma parte del Plan Integral para el oriente del Estado de M\u00e9xico \u201cAmor con amor se paga\u201d, con el que se realizan diversas acciones en materia de salud; educaci\u00f3n; seguridad; transporte p\u00fablico; mejoramiento urbano y agua, con el objetivo de otorgar bienestar a las y los mexiquenses de Tlalnepantla, Nezahualc\u00f3yotl, Chalco, Chicoloapan, Chimalhuac\u00e1n, Ecatepec, Ixtapaluca, La Paz, Texcoco y Valle de Chalco Solidaridad.<\/p>\n\n\n\n<figure class=\"wp-block-image size-large\"><img loading=\"lazy\" decoding=\"async\" width=\"1024\" height=\"506\" src=\"https:\/\/elinformante.mx\/wp-content\/uploads\/2025\/05\/9claudia-1024x506.jpeg\" alt=\"\" class=\"wp-image-83052\" srcset=\"https:\/\/elinformante.mx\/wp-content\/uploads\/2025\/05\/9claudia-1024x506.jpeg 1024w, https:\/\/elinformante.mx\/wp-content\/uploads\/2025\/05\/9claudia-300x148.jpeg 300w, https:\/\/elinformante.mx\/wp-content\/uploads\/2025\/05\/9claudia-768x379.jpeg 768w, https:\/\/elinformante.mx\/wp-content\/uploads\/2025\/05\/9claudia.jpeg 1140w\" sizes=\"(max-width: 1024px) 100vw, 1024px\" \/><\/figure>\n","protected":false},"excerpt":{"rendered":"<p>-Reduce el tiempo de traslado entre el oriente del Estado de M\u00e9xico y la Ciudad de M\u00e9xico de una hora y media a 40 minutos-Las unidades son el\u00e9ctricas, tienen WiFi gratuito, c\u00e1maras de seguridad, rampas para personas discapacitadas, \u00e1rea para animales de asistencia, portabultos y espacios preferentes para mujeres. La Presidenta de M\u00e9xico, Claudia Sheinbaum [&hellip;]<\/p>\n","protected":false},"author":1,"featured_media":83047,"comment_status":"closed","ping_status":"closed","sticky":false,"template":"","format":"standard","meta":{"footnotes":""},"categories":[30,34,31],"tags":[47],"class_list":["post-83046","post","type-post","status-publish","format-standard","has-post-thumbnail","hentry","category-destacado","category-nacional","category-portada","tag-portadanacional"],"_links":{"self":[{"href":"https:\/\/elinformante.mx\/index.php?rest_route=\/wp\/v2\/posts\/83046","targetHints":{"allow":["GET"]}}],"collection":[{"href":"https:\/\/elinformante.mx\/index.php?rest_route=\/wp\/v2\/posts"}],"about":[{"href":"https:\/\/elinformante.mx\/index.php?rest_route=\/wp\/v2\/types\/post"}],"author":[{"embeddable":true,"href":"https:\/\/elinformante.mx\/index.php?rest_route=\/wp\/v2\/users\/1"}],"replies":[{"embeddable":true,"href":"https:\/\/elinformante.mx\/index.php?rest_route=%2Fwp%2Fv2%2Fcomments&post=83046"}],"version-history":[{"count":0,"href":"https:\/\/elinformante.mx\/index.php?rest_route=\/wp\/v2\/posts\/83046\/revisions"}],"wp:featuredmedia":[{"embeddable":true,"href":"https:\/\/elinformante.mx\/index.php?rest_route=\/wp\/v2\/media\/83047"}],"wp:attachment":[{"href":"https:\/\/elinformante.mx\/index.php?rest_route=%2Fwp%2Fv2%2Fmedia&parent=83046"}],"wp:term":[{"taxonomy":"category","embeddable":true,"href":"https:\/\/elinformante.mx\/index.php?rest_route=%2Fwp%2Fv2%2Fcategories&post=83046"},{"taxonomy":"post_tag","embeddable":true,"href":"https:\/\/elinformante.mx\/index.php?rest_route=%2Fwp%2Fv2%2Ftags&post=83046"}],"curies":[{"name":"wp","href":"https:\/\/api.w.org\/{rel}","templated":true}]}}