{"id":83055,"date":"2025-05-12T16:29:12","date_gmt":"2025-05-12T22:29:12","guid":{"rendered":"https:\/\/elinformante.mx\/?p=83055"},"modified":"2025-05-12T16:29:14","modified_gmt":"2025-05-12T22:29:14","slug":"matan-a-candidata-la-presidencia-municipal-de-texistepec","status":"publish","type":"post","link":"https:\/\/elinformante.mx\/?p=83055","title":{"rendered":"MATAN A CANDIDATA LA PRESIDENCIA MUNICIPAL DE TEXISTEPEC"},"content":{"rendered":"\n<p>Yesenia Lara, candidata de Morena a la presidencia municipal de Texistepec, Veracruz fue asesinada a balazos el d\u00eda de ayer durante un acto de campa\u00f1a.<\/p>\n\n\n\n<p>De acuerdo a los reportes, la candidata se encontraba con varios simpatizantes cuando se desat\u00f3 la balacera. Adem\u00e1s, se reportaron otros heridos.<\/p>\n","protected":false},"excerpt":{"rendered":"<p>Yesenia Lara, candidata de Morena a la presidencia municipal de Texistepec, Veracruz fue asesinada a balazos el d\u00eda de ayer durante un acto de campa\u00f1a. De acuerdo a los reportes, la candidata se encontraba con varios simpatizantes cuando se desat\u00f3 la balacera. Adem\u00e1s, se reportaron otros heridos.<\/p>\n","protected":false},"author":2,"featured_media":83056,"comment_status":"closed","ping_status":"closed","sticky":false,"template":"","format":"standard","meta":{"footnotes":""},"categories":[34],"tags":[],"class_list":["post-83055","post","type-post","status-publish","format-standard","has-post-thumbnail","hentry","category-nacional"],"_links":{"self":[{"href":"https:\/\/elinformante.mx\/index.php?rest_route=\/wp\/v2\/posts\/83055","targetHints":{"allow":["GET"]}}],"collection":[{"href":"https:\/\/elinformante.mx\/index.php?rest_route=\/wp\/v2\/posts"}],"about":[{"href":"https:\/\/elinformante.mx\/index.php?rest_route=\/wp\/v2\/types\/post"}],"author":[{"embeddable":true,"href":"https:\/\/elinformante.mx\/index.php?rest_route=\/wp\/v2\/users\/2"}],"replies":[{"embeddable":true,"href":"https:\/\/elinformante.mx\/index.php?rest_route=%2Fwp%2Fv2%2Fcomments&post=83055"}],"version-history":[{"count":0,"href":"https:\/\/elinformante.mx\/index.php?rest_route=\/wp\/v2\/posts\/83055\/revisions"}],"wp:featuredmedia":[{"embeddable":true,"href":"https:\/\/elinformante.mx\/index.php?rest_route=\/wp\/v2\/media\/83056"}],"wp:attachment":[{"href":"https:\/\/elinformante.mx\/index.php?rest_route=%2Fwp%2Fv2%2Fmedia&parent=83055"}],"wp:term":[{"taxonomy":"category","embeddable":true,"href":"https:\/\/elinformante.mx\/index.php?rest_route=%2Fwp%2Fv2%2Fcategories&post=83055"},{"taxonomy":"post_tag","embeddable":true,"href":"https:\/\/elinformante.mx\/index.php?rest_route=%2Fwp%2Fv2%2Ftags&post=83055"}],"curies":[{"name":"wp","href":"https:\/\/api.w.org\/{rel}","templated":true}]}}