{"id":83058,"date":"2025-05-12T16:31:17","date_gmt":"2025-05-12T22:31:17","guid":{"rendered":"https:\/\/elinformante.mx\/?p=83058"},"modified":"2025-05-12T16:31:19","modified_gmt":"2025-05-12T22:31:19","slug":"sheinbaum-habla-sobre-retiro-de-visa-a-marina-del-pilar","status":"publish","type":"post","link":"https:\/\/elinformante.mx\/?p=83058","title":{"rendered":"SHEINBAUM HABLA SOBRE RETIRO DE VISA A MARINA DEL PILAR"},"content":{"rendered":"\n<p>En la ma\u00f1anera de hoy, la presidenta de M\u00e9xico, Claudia Sheinbaum Pardo, dijo que no tuvo ninguna notificaci\u00f3n del gobierno de los EU sobre el retiro de las visas de Marina del Pilar, gobernadora de Baja California y su esposo Carlos Torres Torres.<\/p>\n\n\n\n<p>Sheinbaum, dijo &#8220;Las causas no. Hasta ahora se va a solicitar la informaci\u00f3n para saber cu\u00e1les son las causas de por qu\u00e9 se retira estas visas. Entonces, no nos adelantemos, vamos a esperar la informaci\u00f3n y no fuimos notificados&#8221;.<\/p>\n","protected":false},"excerpt":{"rendered":"<p>En la ma\u00f1anera de hoy, la presidenta de M\u00e9xico, Claudia Sheinbaum Pardo, dijo que no tuvo ninguna notificaci\u00f3n del gobierno de los EU sobre el retiro de las visas de Marina del Pilar, gobernadora de Baja California y su esposo Carlos Torres Torres. Sheinbaum, dijo &#8220;Las causas no. Hasta ahora se va a solicitar la [&hellip;]<\/p>\n","protected":false},"author":2,"featured_media":83059,"comment_status":"closed","ping_status":"closed","sticky":false,"template":"","format":"standard","meta":{"footnotes":""},"categories":[34],"tags":[],"class_list":["post-83058","post","type-post","status-publish","format-standard","has-post-thumbnail","hentry","category-nacional"],"_links":{"self":[{"href":"https:\/\/elinformante.mx\/index.php?rest_route=\/wp\/v2\/posts\/83058","targetHints":{"allow":["GET"]}}],"collection":[{"href":"https:\/\/elinformante.mx\/index.php?rest_route=\/wp\/v2\/posts"}],"about":[{"href":"https:\/\/elinformante.mx\/index.php?rest_route=\/wp\/v2\/types\/post"}],"author":[{"embeddable":true,"href":"https:\/\/elinformante.mx\/index.php?rest_route=\/wp\/v2\/users\/2"}],"replies":[{"embeddable":true,"href":"https:\/\/elinformante.mx\/index.php?rest_route=%2Fwp%2Fv2%2Fcomments&post=83058"}],"version-history":[{"count":0,"href":"https:\/\/elinformante.mx\/index.php?rest_route=\/wp\/v2\/posts\/83058\/revisions"}],"wp:featuredmedia":[{"embeddable":true,"href":"https:\/\/elinformante.mx\/index.php?rest_route=\/wp\/v2\/media\/83059"}],"wp:attachment":[{"href":"https:\/\/elinformante.mx\/index.php?rest_route=%2Fwp%2Fv2%2Fmedia&parent=83058"}],"wp:term":[{"taxonomy":"category","embeddable":true,"href":"https:\/\/elinformante.mx\/index.php?rest_route=%2Fwp%2Fv2%2Fcategories&post=83058"},{"taxonomy":"post_tag","embeddable":true,"href":"https:\/\/elinformante.mx\/index.php?rest_route=%2Fwp%2Fv2%2Ftags&post=83058"}],"curies":[{"name":"wp","href":"https:\/\/api.w.org\/{rel}","templated":true}]}}