{"id":83435,"date":"2025-05-16T05:26:48","date_gmt":"2025-05-16T11:26:48","guid":{"rendered":"https:\/\/elinformante.mx\/?p=83435"},"modified":"2025-05-16T05:28:29","modified_gmt":"2025-05-16T11:28:29","slug":"se-accidenta-jlo-durante-ensayo-para-los-american-music-awards-2025","status":"publish","type":"post","link":"https:\/\/elinformante.mx\/?p=83435","title":{"rendered":"Se accidenta JLo durante ensayo para los American Music Awards 2025"},"content":{"rendered":"\n<figure class=\"wp-block-pullquote\"><blockquote><p>La cantante y actriz Jennifer L\u00f3pez se golpe\u00f3 el rostro al realizar un mal movimiento durante su ensayo.<\/p><\/blockquote><\/figure>\n\n\n\n<p class=\"has-drop-cap\">Fue un mal movimiento durante un ensayo, que le cost\u00f3 caro a la cantante Jennifer L\u00f3pez qui\u00e9n sufri\u00f3 un golpe en el rostro mientras se preparaba para los American Music Awards 2025, que se llevar\u00e1n a cabo el lunes 26 de mayo en Las Vegas.<br><\/p>\n\n\n\n<p>La cantante public\u00f3 en Instagram una serie de im\u00e1genes en las que mostr\u00f3 la herida. \u201cAs\u00ed que esto pas\u00f3\u201d, escribi\u00f3 junto a una selfie en la que aparece con el rostro enrojecido y una bolsa de hielo cubriendo su ojo izquierdo y nariz, sonriente a pesar del accidente.<br><\/p>\n\n\n\n<p>Pero en otra toma, se puede apreciar una cortadura en el puente de su nariz. Sin embargo JLo no ofreci\u00f3 m\u00e1s detalles de lo sucedido.<br><\/p>\n\n\n\n<p>Tambi\u00e9n se\u00f1al\u00f3 que afortunadamente, recibi\u00f3 atenci\u00f3n m\u00e9dica inmediata y fue tratada por un reconocido cirujano pl\u00e1stico, con quien tambi\u00e9n pos\u00f3 para una fotograf\u00eda.<br><\/p>\n\n\n\n<p>Tras una semana, la artista comparti\u00f3 las postales despu\u00e9s del accidente y asegur\u00f3 que ya se encuentra en recuperaci\u00f3n.<br><\/p>\n\n\n\n<p>\u201cCon mucho hielo\u2026 estoy como nueva\u201d, escribi\u00f3.<br><\/p>\n\n\n\n<p>La \u201cDiva del Bronx\u201d ser\u00e1 la anfitriona del evento anual, que se transmitir\u00e1 en vivo por CBS y Paramount+, siendo elegida por incomparable energ\u00eda en el escenario, que la convierte en una anfitriona ideal, seg\u00fan Jay Penske, CEO de Dick Clark Productions.<br><\/p>\n\n\n\n<p>La cantante ha sido una figura constante en los AMAs, donde ha actuado en m\u00faltiples ocasiones y ha sido galardonada con tres premios: Artista Latina Favorita en 2007 y 2011, y Artista Femenina Favorita de Pop\/Rock en 2003.<\/p>\n","protected":false},"excerpt":{"rendered":"<p>La cantante y actriz Jennifer L\u00f3pez se golpe\u00f3 el rostro al realizar un mal movimiento durante su ensayo. Fue un mal movimiento durante un ensayo, que le cost\u00f3 caro a la cantante Jennifer L\u00f3pez qui\u00e9n sufri\u00f3 un golpe en el rostro mientras se preparaba para los American Music Awards 2025, que se llevar\u00e1n a cabo [&hellip;]<\/p>\n","protected":false},"author":1,"featured_media":83436,"comment_status":"closed","ping_status":"closed","sticky":false,"template":"","format":"standard","meta":{"footnotes":""},"categories":[39],"tags":[],"class_list":["post-83435","post","type-post","status-publish","format-standard","has-post-thumbnail","hentry","category-espectaculos"],"_links":{"self":[{"href":"https:\/\/elinformante.mx\/index.php?rest_route=\/wp\/v2\/posts\/83435","targetHints":{"allow":["GET"]}}],"collection":[{"href":"https:\/\/elinformante.mx\/index.php?rest_route=\/wp\/v2\/posts"}],"about":[{"href":"https:\/\/elinformante.mx\/index.php?rest_route=\/wp\/v2\/types\/post"}],"author":[{"embeddable":true,"href":"https:\/\/elinformante.mx\/index.php?rest_route=\/wp\/v2\/users\/1"}],"replies":[{"embeddable":true,"href":"https:\/\/elinformante.mx\/index.php?rest_route=%2Fwp%2Fv2%2Fcomments&post=83435"}],"version-history":[{"count":0,"href":"https:\/\/elinformante.mx\/index.php?rest_route=\/wp\/v2\/posts\/83435\/revisions"}],"wp:featuredmedia":[{"embeddable":true,"href":"https:\/\/elinformante.mx\/index.php?rest_route=\/wp\/v2\/media\/83436"}],"wp:attachment":[{"href":"https:\/\/elinformante.mx\/index.php?rest_route=%2Fwp%2Fv2%2Fmedia&parent=83435"}],"wp:term":[{"taxonomy":"category","embeddable":true,"href":"https:\/\/elinformante.mx\/index.php?rest_route=%2Fwp%2Fv2%2Fcategories&post=83435"},{"taxonomy":"post_tag","embeddable":true,"href":"https:\/\/elinformante.mx\/index.php?rest_route=%2Fwp%2Fv2%2Ftags&post=83435"}],"curies":[{"name":"wp","href":"https:\/\/api.w.org\/{rel}","templated":true}]}}