{"id":83444,"date":"2025-05-16T05:29:56","date_gmt":"2025-05-16T11:29:56","guid":{"rendered":"https:\/\/elinformante.mx\/?p=83444"},"modified":"2025-05-16T05:33:27","modified_gmt":"2025-05-16T11:33:27","slug":"vender-a-chicharito-fue-un-error-del-united-rio-ferdinand","status":"publish","type":"post","link":"https:\/\/elinformante.mx\/?p=83444","title":{"rendered":"\u201cVender a Chicharito fue un error del United\u201d: Rio Ferdinand"},"content":{"rendered":"\n<figure class=\"wp-block-pullquote\"><blockquote><p>Quien fuera defensor de los Red Devils solo tuvo elogios para el delantero mexicano<\/p><\/blockquote><\/figure>\n\n\n\n<p class=\"has-drop-cap\">A pesar de que eran pocos los minutos que ten\u00eda para ingresar al terreno de juego, Javier \u201cChicharito\u201d Hern\u00e1ndez se convirti\u00f3 en uno de los jugadores m\u00e1s queridos del Manchester United en la \u00faltima etapa de Sir Alex Ferguson como director t\u00e9cnico,<br><\/p>\n\n\n\n<p>Sin embargo el encanto no solo se quedaba con la afici\u00f3n a qui\u00e9n ten\u00eda maravillada, su encanto lleg\u00f3 a sus compa\u00f1eros, entre ellos, Rio Ferdinand. Qui\u00e9n fuera el defensor m\u00e1s caro del mundo en alg\u00fan momento dedic\u00f3 unos minutos a llenar de elogios al ahora delantero de Chivas, coloc\u00e1ndolo como un ejemplo para los jugadores j\u00f3venes por haber decidido dar el salto al futbol de Europa y, adem\u00e1s, a un conjunto grande.<br><\/p>\n\n\n\n<p>\u201cChicharito, lo amo. Qu\u00e9 chico, qu\u00e9 chico maravilloso. Y creo que fue un gran ejemplo para un los jugadores j\u00f3venes: venir a un pa\u00eds diferente, un nuevo entorno, un club grande con grandes expectativas, y demostrar el trabajo duro, \u00e9l trabaj\u00f3 duro\u201d, expres\u00f3 Ferdinand<br><\/p>\n\n\n\n<p>Asegur\u00f3 que Chicharito era un jugador concentrado, enfocado y con ganas de aprender, adem\u00e1s de que constantemente hac\u00eda preguntas a los referentes del equipo.<br><\/p>\n\n\n\n<p>\u201cFue un gran jugador y no sorprende lo que logr\u00f3. Lleg\u00f3 a hacer cosas maravillosas. Ojal\u00e1 que se hubiera quedado m\u00e1s tiempo en el Manchester United\u201d.<br><\/p>\n\n\n\n<p>Para Ferdinand, que el Manchester United se deshiciera de Chicharito \u201cfue una locura\u201d y las estad\u00edsticas de Hern\u00e1ndez Balc\u00e1zar le dieron la raz\u00f3n, porque uno de los mejores momentos del atacante en su carrera fue vistiendo la camisera del Bayer Leverkusen de la Bundesliga.<br><\/p>\n\n\n\n<p>Rio Ferdinand destac\u00f3 las capacidades de Javier Hern\u00e1ndez, sobre todo, dentro del \u00e1rea debido a su facilidad de generar ocasiones, haciendo m\u00e1s sencillo el trabajo de sus compa\u00f1eros y revel\u00f3 que a\u00fan tiene relaci\u00f3n con \u00e9l.<br><\/p>\n\n\n\n<p>\u201cHac\u00eda dos o tres movimientos en el \u00e1rea para superar a los defensores, para hacer goles y crear oportunidades, yo lo amaba. Ten\u00eda mucha energ\u00eda y era un chico maravilloso tambi\u00e9n, todav\u00eda hoy hablo con \u00e9l de vez en cuando y estoy seguro de que si vuelvo a M\u00e9xico, puedo contar con \u00e9l\u201d, agreg\u00f3 Rio.<\/p>\n","protected":false},"excerpt":{"rendered":"<p>Quien fuera defensor de los Red Devils solo tuvo elogios para el delantero mexicano A pesar de que eran pocos los minutos que ten\u00eda para ingresar al terreno de juego, Javier \u201cChicharito\u201d Hern\u00e1ndez se convirti\u00f3 en uno de los jugadores m\u00e1s queridos del Manchester United en la \u00faltima etapa de Sir Alex Ferguson como director [&hellip;]<\/p>\n","protected":false},"author":1,"featured_media":83445,"comment_status":"closed","ping_status":"closed","sticky":false,"template":"","format":"standard","meta":{"footnotes":""},"categories":[38],"tags":[],"class_list":["post-83444","post","type-post","status-publish","format-standard","has-post-thumbnail","hentry","category-deportes"],"_links":{"self":[{"href":"https:\/\/elinformante.mx\/index.php?rest_route=\/wp\/v2\/posts\/83444","targetHints":{"allow":["GET"]}}],"collection":[{"href":"https:\/\/elinformante.mx\/index.php?rest_route=\/wp\/v2\/posts"}],"about":[{"href":"https:\/\/elinformante.mx\/index.php?rest_route=\/wp\/v2\/types\/post"}],"author":[{"embeddable":true,"href":"https:\/\/elinformante.mx\/index.php?rest_route=\/wp\/v2\/users\/1"}],"replies":[{"embeddable":true,"href":"https:\/\/elinformante.mx\/index.php?rest_route=%2Fwp%2Fv2%2Fcomments&post=83444"}],"version-history":[{"count":0,"href":"https:\/\/elinformante.mx\/index.php?rest_route=\/wp\/v2\/posts\/83444\/revisions"}],"wp:featuredmedia":[{"embeddable":true,"href":"https:\/\/elinformante.mx\/index.php?rest_route=\/wp\/v2\/media\/83445"}],"wp:attachment":[{"href":"https:\/\/elinformante.mx\/index.php?rest_route=%2Fwp%2Fv2%2Fmedia&parent=83444"}],"wp:term":[{"taxonomy":"category","embeddable":true,"href":"https:\/\/elinformante.mx\/index.php?rest_route=%2Fwp%2Fv2%2Fcategories&post=83444"},{"taxonomy":"post_tag","embeddable":true,"href":"https:\/\/elinformante.mx\/index.php?rest_route=%2Fwp%2Fv2%2Ftags&post=83444"}],"curies":[{"name":"wp","href":"https:\/\/api.w.org\/{rel}","templated":true}]}}