{"id":83450,"date":"2025-05-16T05:34:04","date_gmt":"2025-05-16T11:34:04","guid":{"rendered":"https:\/\/elinformante.mx\/?p=83450"},"modified":"2025-05-16T05:34:05","modified_gmt":"2025-05-16T11:34:05","slug":"sentencian-a-bertha-gomez-a-40-anos-de-prision-por-un-homicidio-en-ecatepec","status":"publish","type":"post","link":"https:\/\/elinformante.mx\/?p=83450","title":{"rendered":"Sentencian a Bertha G\u00f3mez a 40 a\u00f1os de prisi\u00f3n por un homicidio en Ecatepec"},"content":{"rendered":"\n<figure class=\"wp-block-pullquote\"><blockquote><p>La implicada orden\u00f3 a un masculino que privara de la vida a la v\u00edctima.<\/p><\/blockquote><\/figure>\n\n\n\n<p class=\"has-drop-cap\">Por el delito de homicidio calificado en agravio de un hombre en el municipio de Ecatepec, la Fiscal\u00eda General de Justicia del Estado de M\u00e9xico (FGJEM) obtuvo sentencia de condena de 40 a\u00f1os de prisi\u00f3n, contra Bertha G\u00f3mez D\u00edaz, responsable de este il\u00edcito.<br><\/p>\n\n\n\n<p>El 19 de mayo del a\u00f1o 2024, la ahora sentenciada y otro individuo intervinieron en estos hechos que tuvieron lugar en la calle 6, de la colonia Granjas Ecatepec, Primera Secci\u00f3n, en el municipio de Ecatepec. De acuerdo con indagatorias realizadas por personal de la Fiscal\u00eda Edom\u00e9x fue posible determinar que la v\u00edctima fue agredida por disparos de arma de fuego, cuando conduc\u00eda su motocicleta.<br><\/p>\n\n\n\n<p>Ese d\u00eda, la implicada orden\u00f3 a su c\u00f3mplice que privara de la vida a esta persona, por ello le dieron alcance con otro veh\u00edculo tipo motocicleta y al tenerlo a la vista, dicho individuo deton\u00f3 un arma de fuego en su contra. Tras cometer este homicidio, los dos responsables huyeron del lugar.<br><\/p>\n\n\n\n<p>La Fiscal\u00eda llev\u00f3 a cabo actos de investigaci\u00f3n derivada de los hechos, lo que permiti\u00f3 identificar y detener a esta mujer, misma que fue ingresada al Centro Penitenciario y de Reinserci\u00f3n Social de Ecatepec, a disposici\u00f3n de un Juez.<br><\/p>\n\n\n\n<p>La Autoridad Judicial, despu\u00e9s de revisar la prueba recabadas, aportadas y expuestas por el Ministerio P\u00fablico, y tras proceso legal, le dict\u00f3 esta condena, adem\u00e1s le fij\u00f3 multa de 75 mil 999 pesos y 237 mil 768 pesos, en tanto que suspendi\u00f3 sus derechos civiles y pol\u00edticos<\/p>\n","protected":false},"excerpt":{"rendered":"<p>La implicada orden\u00f3 a un masculino que privara de la vida a la v\u00edctima. Por el delito de homicidio calificado en agravio de un hombre en el municipio de Ecatepec, la Fiscal\u00eda General de Justicia del Estado de M\u00e9xico (FGJEM) obtuvo sentencia de condena de 40 a\u00f1os de prisi\u00f3n, contra Bertha G\u00f3mez D\u00edaz, responsable de [&hellip;]<\/p>\n","protected":false},"author":1,"featured_media":83452,"comment_status":"closed","ping_status":"closed","sticky":false,"template":"","format":"standard","meta":{"footnotes":""},"categories":[36,37],"tags":[],"class_list":["post-83450","post","type-post","status-publish","format-standard","has-post-thumbnail","hentry","category-edomex","category-justicia"],"_links":{"self":[{"href":"https:\/\/elinformante.mx\/index.php?rest_route=\/wp\/v2\/posts\/83450","targetHints":{"allow":["GET"]}}],"collection":[{"href":"https:\/\/elinformante.mx\/index.php?rest_route=\/wp\/v2\/posts"}],"about":[{"href":"https:\/\/elinformante.mx\/index.php?rest_route=\/wp\/v2\/types\/post"}],"author":[{"embeddable":true,"href":"https:\/\/elinformante.mx\/index.php?rest_route=\/wp\/v2\/users\/1"}],"replies":[{"embeddable":true,"href":"https:\/\/elinformante.mx\/index.php?rest_route=%2Fwp%2Fv2%2Fcomments&post=83450"}],"version-history":[{"count":0,"href":"https:\/\/elinformante.mx\/index.php?rest_route=\/wp\/v2\/posts\/83450\/revisions"}],"wp:featuredmedia":[{"embeddable":true,"href":"https:\/\/elinformante.mx\/index.php?rest_route=\/wp\/v2\/media\/83452"}],"wp:attachment":[{"href":"https:\/\/elinformante.mx\/index.php?rest_route=%2Fwp%2Fv2%2Fmedia&parent=83450"}],"wp:term":[{"taxonomy":"category","embeddable":true,"href":"https:\/\/elinformante.mx\/index.php?rest_route=%2Fwp%2Fv2%2Fcategories&post=83450"},{"taxonomy":"post_tag","embeddable":true,"href":"https:\/\/elinformante.mx\/index.php?rest_route=%2Fwp%2Fv2%2Ftags&post=83450"}],"curies":[{"name":"wp","href":"https:\/\/api.w.org\/{rel}","templated":true}]}}