{"id":83454,"date":"2025-05-16T05:35:07","date_gmt":"2025-05-16T11:35:07","guid":{"rendered":"https:\/\/elinformante.mx\/?p=83454"},"modified":"2025-05-16T05:35:11","modified_gmt":"2025-05-16T11:35:11","slug":"presidente-municipal-de-santiago-amoltepec-oaxaca-fue-emboscado-y-asesinado","status":"publish","type":"post","link":"https:\/\/elinformante.mx\/?p=83454","title":{"rendered":"Presidente municipal de Santiago Amoltepec, Oaxaca, fue emboscado y asesinado"},"content":{"rendered":"\n<figure class=\"wp-block-pullquote\"><blockquote><p>Adem\u00e1s en el ataque tambi\u00e9n perdieron la vida dos polic\u00edas municipales.<\/p><\/blockquote><\/figure>\n\n\n\n<p class=\"has-drop-cap\">Se inform\u00f3 que por la madrugada del jueves, el presidente municipal de Santiago Amoltepec, Mario Hern\u00e1ndez Garc\u00eda, y dos polic\u00edas municipales fueron asesinados tras ser emboscados en el camino que comunica a la cabecera municipal con la comunidad de Piedra Liza.<br><\/p>\n\n\n\n<p>De manera extraoficial, tres personas m\u00e1s fueron heridas con bala y sobrevivieron al atentado.<br><\/p>\n\n\n\n<p>De acuerdo a los reportes, se detall\u00f3 que el edil regresaba de la fiesta patronal de Llano de Tigre, cuando la patrulla de la polic\u00eda municipal en la que viajaba fue atacada a balazos con armas de fuego de grueso calibre.<br><\/p>\n\n\n\n<p>Hern\u00e1ndez Garc\u00eda fue trasladado a una cl\u00ednica local para su atenci\u00f3n m\u00e9dica, pero por la gravedad de las heridas lo enviaron al hospital que se encuentra en el municipio de Teojomulco, pero perdi\u00f3 la vida en el trayecto.<br><\/p>\n\n\n\n<p>El informe que proporcion\u00f3 la Fiscal\u00eda General de Oaxaca menciona \u00fanicamente que los hechos ocurrieron en un paraje conocido como \u201cEl Tablero\u201d, el cual est\u00e1 en el camino a la comunidad \u201cEl Mamey\u201d, saliendo del centro de Santiago Amoltepec; adem\u00e1s confirm\u00f3 la muerte del presidente municipal y de dos personas m\u00e1s.<br><\/p>\n\n\n\n<p>Con este asesinato se record\u00f3 que el pasado 8 de enero, tambi\u00e9n fue asesinado Laurencio Hern\u00e1ndez de 29 a\u00f1os y hermano del presidente municipal Mario Hern\u00e1ndez; este homicidio ocurri\u00f3 en un paraje conocido como El Pozo entre las 2:30 y 3:00 horas de la ma\u00f1ana de ese d\u00eda.<br><\/p>\n\n\n\n<p>Sum\u00e1ndose a estos recientes cr\u00edmenes pol\u00edticos, se suma el asesinato el 24 de mayo de 2024 del s\u00edndico de Santiago Amoltepec, Gaudencio Hern\u00e1ndez Hern\u00e1ndez, y de su hijo Rafael Gaudencio, presuntamente a manos de un grupo armado integrado por Artemio P\u00e9rez Roque y Efra\u00edn Velasco Palacios originarios de la comunidad Piedra del Tambor.<br><\/p>\n\n\n\n<p>Otros cr\u00edmenes relacionados con violencia pol\u00edtica en Oaxaca son el reciente asesinato el pasado 11 de mayo del excandidato a presidente municipal de Santa Mar\u00eda Ipalapa, Gerardo Leobardo Santos L\u00f3pez; y el 10 de mayo, el asesinato del regidor de Santiago Niltepec, David Castillejos Cruz.<br><\/p>\n\n\n\n<p>Adem\u00e1s del asesinato de Caleb Rodr\u00edguez Ortega, dirigente de la Asociaci\u00f3n de Sindicatos Agremiados del Estado de Oaxaca y excandidato a presidente municipal de San Pedro Pochutla por el Partido Verde Ecologista de M\u00e9xico, atentado en el que murieron otras dos personas; y el asesinato de Jaime Enrique Laredo Toscano, ex candidato del partido Morena a agente municipal de El Ciruelo, comunidad del municipio de Santiago Pinotepa Nacional.<\/p>\n","protected":false},"excerpt":{"rendered":"<p>Adem\u00e1s en el ataque tambi\u00e9n perdieron la vida dos polic\u00edas municipales. Se inform\u00f3 que por la madrugada del jueves, el presidente municipal de Santiago Amoltepec, Mario Hern\u00e1ndez Garc\u00eda, y dos polic\u00edas municipales fueron asesinados tras ser emboscados en el camino que comunica a la cabecera municipal con la comunidad de Piedra Liza. De manera extraoficial, [&hellip;]<\/p>\n","protected":false},"author":1,"featured_media":83455,"comment_status":"closed","ping_status":"closed","sticky":false,"template":"","format":"standard","meta":{"footnotes":""},"categories":[30,37,34],"tags":[],"class_list":["post-83454","post","type-post","status-publish","format-standard","has-post-thumbnail","hentry","category-destacado","category-justicia","category-nacional"],"_links":{"self":[{"href":"https:\/\/elinformante.mx\/index.php?rest_route=\/wp\/v2\/posts\/83454","targetHints":{"allow":["GET"]}}],"collection":[{"href":"https:\/\/elinformante.mx\/index.php?rest_route=\/wp\/v2\/posts"}],"about":[{"href":"https:\/\/elinformante.mx\/index.php?rest_route=\/wp\/v2\/types\/post"}],"author":[{"embeddable":true,"href":"https:\/\/elinformante.mx\/index.php?rest_route=\/wp\/v2\/users\/1"}],"replies":[{"embeddable":true,"href":"https:\/\/elinformante.mx\/index.php?rest_route=%2Fwp%2Fv2%2Fcomments&post=83454"}],"version-history":[{"count":0,"href":"https:\/\/elinformante.mx\/index.php?rest_route=\/wp\/v2\/posts\/83454\/revisions"}],"wp:featuredmedia":[{"embeddable":true,"href":"https:\/\/elinformante.mx\/index.php?rest_route=\/wp\/v2\/media\/83455"}],"wp:attachment":[{"href":"https:\/\/elinformante.mx\/index.php?rest_route=%2Fwp%2Fv2%2Fmedia&parent=83454"}],"wp:term":[{"taxonomy":"category","embeddable":true,"href":"https:\/\/elinformante.mx\/index.php?rest_route=%2Fwp%2Fv2%2Fcategories&post=83454"},{"taxonomy":"post_tag","embeddable":true,"href":"https:\/\/elinformante.mx\/index.php?rest_route=%2Fwp%2Fv2%2Ftags&post=83454"}],"curies":[{"name":"wp","href":"https:\/\/api.w.org\/{rel}","templated":true}]}}