{"id":83457,"date":"2025-05-16T05:43:23","date_gmt":"2025-05-16T11:43:23","guid":{"rendered":"https:\/\/elinformante.mx\/?p=83457"},"modified":"2025-05-16T05:43:25","modified_gmt":"2025-05-16T11:43:25","slug":"estudiantes-mexiquenses-ponen-el-ejemplo-limpian-pintan-y-dan-mantenimiento-a-5-mil-escuelas","status":"publish","type":"post","link":"https:\/\/elinformante.mx\/?p=83457","title":{"rendered":"Estudiantes mexiquenses ponen el ejemplo: limpian, pintan y dan mantenimiento a 5 mil escuelas"},"content":{"rendered":"\n<figure class=\"wp-block-pullquote\"><blockquote><p>-Mediante la Primera Jornada Nacional de Tequios por la Paz y contra las Adicciones se fomentan entornos escolares seguros y se promueven estilos de vida saludables.<\/p><\/blockquote><\/figure>\n\n\n\n<p class=\"has-drop-cap\">Estudiantes, docentes y madres y padres de familia de m\u00e1s de 5 mil planteles educativos del Estado de M\u00e9xico se unieron a la Primera Jornada Nacional de Tequios por la Paz y contra las Adicciones, impulsada por el Gobierno de M\u00e9xico, en la que se realizaron jornadas comunitarias con el objetivo de fomentar entornos escolares seguros y promover estilos de vida saludables.<br><\/p>\n\n\n\n<p>\u201cLa Gobernadora Delfina G\u00f3mez \u00c1lvarez ha instruido que esta jornada sea parte de una pol\u00edtica educativa humanista que pone en el centro a las juventudes como protagonistas del cambio. Es la parte que queremos rescatar: darles a estos j\u00f3venes esta costumbre de los tequios, la responsabilidad que tienen con su entorno\u201d, destac\u00f3 Miguel \u00c1ngel Hern\u00e1ndez Espejel, Secretario de Educaci\u00f3n, Ciencia, Tecnolog\u00eda e Innovaci\u00f3n durante la inauguraci\u00f3n de esta jornada en el Centro de Bachillerato Tecnol\u00f3gico (CBT) No. 1 Emiliano Zapata.<br><\/p>\n\n\n\n<p>En este CBT participaron m\u00e1s de 500 personas en actividades como limpieza de canchas, encalado de \u00e1rboles, recolecci\u00f3n de basura, rehabilitaci\u00f3n de guarniciones, pintura de \u00e1reas comunes y mantenimiento general del plantel y su deportivo.<br><\/p>\n\n\n\n<p>La jornada, que se realiz\u00f3 simult\u00e1neamente en planteles de educaci\u00f3n secundaria, media superior y superior, forma parte de la Estrategia Nacional por la Paz y contra las Adicciones; fue convocada por el Instituto Mexicano de la Juventud (Imjuve), en coordinaci\u00f3n con autoridades educativas, gobiernos estatales y municipales, comunidades escolares y actores sociales.<br><\/p>\n\n\n\n<p>Al sumarse a esta iniciativa, el Gobierno del Estado de M\u00e9xico reafirma el compromiso de la Maestra Delfina G\u00f3mez \u00c1lvarez con una educaci\u00f3n transformadora, incluyente y con sentido comunitario, alineada a los principios de la Nueva Escuela Mexicana, que impulsa la participaci\u00f3n, la conciencia social, la justicia educativa y el desarrollo integral del estudiantado.<\/p>\n","protected":false},"excerpt":{"rendered":"<p>-Mediante la Primera Jornada Nacional de Tequios por la Paz y contra las Adicciones se fomentan entornos escolares seguros y se promueven estilos de vida saludables. Estudiantes, docentes y madres y padres de familia de m\u00e1s de 5 mil planteles educativos del Estado de M\u00e9xico se unieron a la Primera Jornada Nacional de Tequios por [&hellip;]<\/p>\n","protected":false},"author":1,"featured_media":83458,"comment_status":"closed","ping_status":"closed","sticky":false,"template":"","format":"standard","meta":{"footnotes":""},"categories":[36],"tags":[],"class_list":["post-83457","post","type-post","status-publish","format-standard","has-post-thumbnail","hentry","category-edomex"],"_links":{"self":[{"href":"https:\/\/elinformante.mx\/index.php?rest_route=\/wp\/v2\/posts\/83457","targetHints":{"allow":["GET"]}}],"collection":[{"href":"https:\/\/elinformante.mx\/index.php?rest_route=\/wp\/v2\/posts"}],"about":[{"href":"https:\/\/elinformante.mx\/index.php?rest_route=\/wp\/v2\/types\/post"}],"author":[{"embeddable":true,"href":"https:\/\/elinformante.mx\/index.php?rest_route=\/wp\/v2\/users\/1"}],"replies":[{"embeddable":true,"href":"https:\/\/elinformante.mx\/index.php?rest_route=%2Fwp%2Fv2%2Fcomments&post=83457"}],"version-history":[{"count":0,"href":"https:\/\/elinformante.mx\/index.php?rest_route=\/wp\/v2\/posts\/83457\/revisions"}],"wp:featuredmedia":[{"embeddable":true,"href":"https:\/\/elinformante.mx\/index.php?rest_route=\/wp\/v2\/media\/83458"}],"wp:attachment":[{"href":"https:\/\/elinformante.mx\/index.php?rest_route=%2Fwp%2Fv2%2Fmedia&parent=83457"}],"wp:term":[{"taxonomy":"category","embeddable":true,"href":"https:\/\/elinformante.mx\/index.php?rest_route=%2Fwp%2Fv2%2Fcategories&post=83457"},{"taxonomy":"post_tag","embeddable":true,"href":"https:\/\/elinformante.mx\/index.php?rest_route=%2Fwp%2Fv2%2Ftags&post=83457"}],"curies":[{"name":"wp","href":"https:\/\/api.w.org\/{rel}","templated":true}]}}