{"id":83460,"date":"2025-05-16T05:45:29","date_gmt":"2025-05-16T11:45:29","guid":{"rendered":"https:\/\/elinformante.mx\/?p=83460"},"modified":"2025-05-16T05:45:32","modified_gmt":"2025-05-16T11:45:32","slug":"ana-muniz-participa-en-las-jornadas-de-capacitacion-del-programa-universidad-cercana","status":"publish","type":"post","link":"https:\/\/elinformante.mx\/?p=83460","title":{"rendered":"Ana Mu\u00f1iz participa en las Jornadas de Capacitaci\u00f3n del Programa \u201cUniversidad Cercana\u201d"},"content":{"rendered":"\n<figure class=\"wp-block-pullquote\"><blockquote><p>Se\u00f1alaron que en San Mateo Atenco se impulsa capacitaci\u00f3n policial en derechos humanos<\/p><\/blockquote><\/figure>\n\n\n\n<p class=\"has-drop-cap\">Con el firme compromiso de fortalecer la formaci\u00f3n policial en materia de derechos humanos, este mi\u00e9rcoles dieron inicio las Jornadas de Capacitaci\u00f3n del Programa \u201cUniversidad Cercana\u201d, una iniciativa respaldada por la presidenta municipal de San Mateo Atenco, Ana Mu\u00f1iz Neyra, en conjunto con la Secretar\u00eda de Seguridad del Estado de M\u00e9xico, el Secretariado Ejecutivo, la Universidad Mexiquense de Seguridad y la Comisi\u00f3n de Derechos Humanos del Estado de M\u00e9xico.<br><\/p>\n\n\n\n<p>Durante su participaci\u00f3n en el evento inaugural, la alcaldesa destac\u00f3 la importancia de estas acciones para fortalecer la legitimidad y equidad en el actuar de las corporaciones policiales, garantizando as\u00ed su apego a la legalidad y el respeto a los derechos fundamentales de la ciudadan\u00eda.<br><\/p>\n\n\n\n<p>\u201cEstoy convencida de que la formaci\u00f3n en derechos humanos es clave para la construcci\u00f3n de una sociedad m\u00e1s justa y segura. Desde los municipios, reafirmamos nuestro compromiso de trabajar unidos para el bienestar de nuestra poblaci\u00f3n\u201d, expres\u00f3 Ana Mu\u00f1iz Neyra.<br><\/p>\n\n\n\n<figure class=\"wp-block-image size-large\"><img fetchpriority=\"high\" decoding=\"async\" width=\"1024\" height=\"506\" src=\"https:\/\/elinformante.mx\/wp-content\/uploads\/2025\/05\/12san-1024x506.jpg\" alt=\"\" class=\"wp-image-83462\" srcset=\"https:\/\/elinformante.mx\/wp-content\/uploads\/2025\/05\/12san-1024x506.jpg 1024w, https:\/\/elinformante.mx\/wp-content\/uploads\/2025\/05\/12san-300x148.jpg 300w, https:\/\/elinformante.mx\/wp-content\/uploads\/2025\/05\/12san-768x379.jpg 768w, https:\/\/elinformante.mx\/wp-content\/uploads\/2025\/05\/12san.jpg 1140w\" sizes=\"(max-width: 1024px) 100vw, 1024px\" \/><\/figure>\n\n\n\n<p>Asimismo, en el marco de la Mesa de Coordinaci\u00f3n para la Construcci\u00f3n de la Paz en Mexicaltzingo, la presidenta municipal abord\u00f3 estrategias clave para la protecci\u00f3n de ni\u00f1as, ni\u00f1os y adolescentes, asegurando que vivan en un entorno seguro y con pleno respeto a sus derechos.<br><\/p>\n\n\n\n<p>En la reuni\u00f3n, Mu\u00f1iz Neyra agradeci\u00f3 el compromiso de autoridades de los tres niveles de gobierno y destac\u00f3 la relevancia del trabajo coordinado en favor de la seguridad de las familias mexiquenses.<br><\/p>\n\n\n\n<p>Gracias a estas iniciativas, San Mateo Atenco se posiciona como un municipio que apuesta por la capacitaci\u00f3n y el fortalecimiento institucional, promoviendo un modelo de seguridad basado en el respeto a los derechos humanos y el bienestar comunitario.<\/p>\n","protected":false},"excerpt":{"rendered":"<p>Se\u00f1alaron que en San Mateo Atenco se impulsa capacitaci\u00f3n policial en derechos humanos Con el firme compromiso de fortalecer la formaci\u00f3n policial en materia de derechos humanos, este mi\u00e9rcoles dieron inicio las Jornadas de Capacitaci\u00f3n del Programa \u201cUniversidad Cercana\u201d, una iniciativa respaldada por la presidenta municipal de San Mateo Atenco, Ana Mu\u00f1iz Neyra, en conjunto [&hellip;]<\/p>\n","protected":false},"author":1,"featured_media":83461,"comment_status":"closed","ping_status":"closed","sticky":false,"template":"","format":"standard","meta":{"footnotes":""},"categories":[30,36],"tags":[],"class_list":["post-83460","post","type-post","status-publish","format-standard","has-post-thumbnail","hentry","category-destacado","category-edomex"],"_links":{"self":[{"href":"https:\/\/elinformante.mx\/index.php?rest_route=\/wp\/v2\/posts\/83460","targetHints":{"allow":["GET"]}}],"collection":[{"href":"https:\/\/elinformante.mx\/index.php?rest_route=\/wp\/v2\/posts"}],"about":[{"href":"https:\/\/elinformante.mx\/index.php?rest_route=\/wp\/v2\/types\/post"}],"author":[{"embeddable":true,"href":"https:\/\/elinformante.mx\/index.php?rest_route=\/wp\/v2\/users\/1"}],"replies":[{"embeddable":true,"href":"https:\/\/elinformante.mx\/index.php?rest_route=%2Fwp%2Fv2%2Fcomments&post=83460"}],"version-history":[{"count":0,"href":"https:\/\/elinformante.mx\/index.php?rest_route=\/wp\/v2\/posts\/83460\/revisions"}],"wp:featuredmedia":[{"embeddable":true,"href":"https:\/\/elinformante.mx\/index.php?rest_route=\/wp\/v2\/media\/83461"}],"wp:attachment":[{"href":"https:\/\/elinformante.mx\/index.php?rest_route=%2Fwp%2Fv2%2Fmedia&parent=83460"}],"wp:term":[{"taxonomy":"category","embeddable":true,"href":"https:\/\/elinformante.mx\/index.php?rest_route=%2Fwp%2Fv2%2Fcategories&post=83460"},{"taxonomy":"post_tag","embeddable":true,"href":"https:\/\/elinformante.mx\/index.php?rest_route=%2Fwp%2Fv2%2Ftags&post=83460"}],"curies":[{"name":"wp","href":"https:\/\/api.w.org\/{rel}","templated":true}]}}