{"id":83464,"date":"2025-05-16T06:04:28","date_gmt":"2025-05-16T12:04:28","guid":{"rendered":"https:\/\/elinformante.mx\/?p=83464"},"modified":"2025-05-16T06:04:31","modified_gmt":"2025-05-16T12:04:31","slug":"manuel-vilchis-continua-reconociendo-la-labor-de-las-madres-en-zinacantepec","status":"publish","type":"post","link":"https:\/\/elinformante.mx\/?p=83464","title":{"rendered":"Manuel Vilchis contin\u00faa reconociendo la labor de las madres en Zinacantepec"},"content":{"rendered":"\n<figure class=\"wp-block-pullquote\"><blockquote><p>Reafirm\u00f3 que \u201cel coraz\u00f3n de nuestras comunidades late con la fuerza, el amor y la dedicaci\u00f3n de cada mam\u00e1\u201d.<\/p><\/blockquote><\/figure>\n\n\n\n<p class=\"has-drop-cap\">Como parte de las celebraciones por el D\u00eda de las Madres, el presidente municipal de Zinacantepec, Manuel Vilchis Viveros, se reuni\u00f3 con mam\u00e1s de diversas comunidades del municipio, entre ellas San Juan de las Huertas, Santa Cruz Cuauhtenco, Tejalpa, Recibitas, Ojo de Agua y la Colonia Morelos.<br><\/p>\n\n\n\n<p>Durante los emotivos encuentros, el alcalde reiter\u00f3 su reconocimiento al trabajo y la dedicaci\u00f3n que diariamente realizan las madres zinacantepequenses, a quienes calific\u00f3 como el pilar fundamental de las familias y de la sociedad.<br><\/p>\n\n\n\n<figure class=\"wp-block-image size-large\"><img fetchpriority=\"high\" decoding=\"async\" width=\"1024\" height=\"506\" src=\"https:\/\/elinformante.mx\/wp-content\/uploads\/2025\/05\/11zina-1024x506.jpg\" alt=\"\" class=\"wp-image-83466\" srcset=\"https:\/\/elinformante.mx\/wp-content\/uploads\/2025\/05\/11zina-1024x506.jpg 1024w, https:\/\/elinformante.mx\/wp-content\/uploads\/2025\/05\/11zina-300x148.jpg 300w, https:\/\/elinformante.mx\/wp-content\/uploads\/2025\/05\/11zina-768x379.jpg 768w, https:\/\/elinformante.mx\/wp-content\/uploads\/2025\/05\/11zina.jpg 1140w\" sizes=\"(max-width: 1024px) 100vw, 1024px\" \/><\/figure>\n\n\n\n<p>\u201cEl papel de las madres en nuestra comunidad es invaluable. Estos homenajes son apenas una peque\u00f1a muestra del gran amor, fortaleza y entrega que representan para todos nosotros\u201d, expres\u00f3 Vilchis Viveros.<br><\/p>\n\n\n\n<p>Asimismo, el presidente municipal reafirm\u00f3 que \u201cel coraz\u00f3n de nuestras comunidades late con la fuerza, el amor y la dedicaci\u00f3n de cada mam\u00e1\u201d.<br><\/p>\n\n\n\n<p>Los eventos estuvieron llenos de alegr\u00eda, m\u00fasica, regalos y, sobre todo, de un ambiente c\u00e1lido y familiar para celebrar a quienes son el alma de los hogares y la base del desarrollo comunitario.<\/p>\n","protected":false},"excerpt":{"rendered":"<p>Reafirm\u00f3 que \u201cel coraz\u00f3n de nuestras comunidades late con la fuerza, el amor y la dedicaci\u00f3n de cada mam\u00e1\u201d. Como parte de las celebraciones por el D\u00eda de las Madres, el presidente municipal de Zinacantepec, Manuel Vilchis Viveros, se reuni\u00f3 con mam\u00e1s de diversas comunidades del municipio, entre ellas San Juan de las Huertas, Santa [&hellip;]<\/p>\n","protected":false},"author":1,"featured_media":83465,"comment_status":"closed","ping_status":"closed","sticky":false,"template":"","format":"standard","meta":{"footnotes":""},"categories":[36],"tags":[],"class_list":["post-83464","post","type-post","status-publish","format-standard","has-post-thumbnail","hentry","category-edomex"],"_links":{"self":[{"href":"https:\/\/elinformante.mx\/index.php?rest_route=\/wp\/v2\/posts\/83464","targetHints":{"allow":["GET"]}}],"collection":[{"href":"https:\/\/elinformante.mx\/index.php?rest_route=\/wp\/v2\/posts"}],"about":[{"href":"https:\/\/elinformante.mx\/index.php?rest_route=\/wp\/v2\/types\/post"}],"author":[{"embeddable":true,"href":"https:\/\/elinformante.mx\/index.php?rest_route=\/wp\/v2\/users\/1"}],"replies":[{"embeddable":true,"href":"https:\/\/elinformante.mx\/index.php?rest_route=%2Fwp%2Fv2%2Fcomments&post=83464"}],"version-history":[{"count":0,"href":"https:\/\/elinformante.mx\/index.php?rest_route=\/wp\/v2\/posts\/83464\/revisions"}],"wp:featuredmedia":[{"embeddable":true,"href":"https:\/\/elinformante.mx\/index.php?rest_route=\/wp\/v2\/media\/83465"}],"wp:attachment":[{"href":"https:\/\/elinformante.mx\/index.php?rest_route=%2Fwp%2Fv2%2Fmedia&parent=83464"}],"wp:term":[{"taxonomy":"category","embeddable":true,"href":"https:\/\/elinformante.mx\/index.php?rest_route=%2Fwp%2Fv2%2Fcategories&post=83464"},{"taxonomy":"post_tag","embeddable":true,"href":"https:\/\/elinformante.mx\/index.php?rest_route=%2Fwp%2Fv2%2Ftags&post=83464"}],"curies":[{"name":"wp","href":"https:\/\/api.w.org\/{rel}","templated":true}]}}