{"id":83471,"date":"2025-05-16T06:07:13","date_gmt":"2025-05-16T12:07:13","guid":{"rendered":"https:\/\/elinformante.mx\/?p=83471"},"modified":"2025-05-16T06:07:16","modified_gmt":"2025-05-16T12:07:16","slug":"regresan-a-clases-tres-facultades-de-la-uaemex","status":"publish","type":"post","link":"https:\/\/elinformante.mx\/?p=83471","title":{"rendered":"Regresan a clases tres facultades de la UAEM\u00e9x"},"content":{"rendered":"\n<figure class=\"wp-block-pullquote\"><blockquote><p>A trav\u00e9s de redes sociales, la Facultad de Medicina, Odontolog\u00eda y Enfermer\u00eda y Obstetricia anunciaron el regreso a sus actividades a partir de hoy viernes.<\/p><\/blockquote><\/figure>\n\n\n\n<p class=\"has-drop-cap\">Ser\u00e1n tres espacios acad\u00e9micos de la Universidad Aut\u00f3noma del Estado de M\u00e9xico (UAEM\u00e9x) quienes anunciaron el regreso a sus actividades acad\u00e9micas y administrativas para el hoy viernes.<br><\/p>\n\n\n\n<p>Mediante las redes sociales, la Facultad de Medicina, siendo el espacio universitario con la segunda mayor matr\u00edcula de la UAEM\u00e9x y que da aval acad\u00e9mico a especialidades de 59 hospitales de tres entidades federativas, explic\u00f3 que reanudar\u00e1n sus actividades de manera regular para dar seguimiento y atender al sistema de salud que necesita de la comunidad universitaria.<br><\/p>\n\n\n\n<p>De igual manera la Facultad de Enfermer\u00eda y Obstetricia comunic\u00f3 que regresar\u00e1n a la normalidad acad\u00e9mica estudiante, docentes y administrativos de este espacio.<br><\/p>\n\n\n\n<p>Por su parte, la Facultad de Odontolog\u00eda restablecer\u00e1 sus labores con el compromiso de seguir estableciendo di\u00e1logo con su comunidad y redoblar esfuerzos en favor de las y los estudiantes.<br><\/p>\n\n\n\n<p>Los tres espacios universitarios reconocieron la legitimidad del movimiento estudiantil y coincidieron en que el retorno a las actividades universitarias se debe basar en la colaboraci\u00f3n abierta y respetuosa entre todas las partes.<\/p>\n\n\n\n<p><\/p>\n","protected":false},"excerpt":{"rendered":"<p>A trav\u00e9s de redes sociales, la Facultad de Medicina, Odontolog\u00eda y Enfermer\u00eda y Obstetricia anunciaron el regreso a sus actividades a partir de hoy viernes. Ser\u00e1n tres espacios acad\u00e9micos de la Universidad Aut\u00f3noma del Estado de M\u00e9xico (UAEM\u00e9x) quienes anunciaron el regreso a sus actividades acad\u00e9micas y administrativas para el hoy viernes. Mediante las redes [&hellip;]<\/p>\n","protected":false},"author":1,"featured_media":83472,"comment_status":"closed","ping_status":"closed","sticky":false,"template":"","format":"standard","meta":{"footnotes":""},"categories":[36],"tags":[],"class_list":["post-83471","post","type-post","status-publish","format-standard","has-post-thumbnail","hentry","category-edomex"],"_links":{"self":[{"href":"https:\/\/elinformante.mx\/index.php?rest_route=\/wp\/v2\/posts\/83471","targetHints":{"allow":["GET"]}}],"collection":[{"href":"https:\/\/elinformante.mx\/index.php?rest_route=\/wp\/v2\/posts"}],"about":[{"href":"https:\/\/elinformante.mx\/index.php?rest_route=\/wp\/v2\/types\/post"}],"author":[{"embeddable":true,"href":"https:\/\/elinformante.mx\/index.php?rest_route=\/wp\/v2\/users\/1"}],"replies":[{"embeddable":true,"href":"https:\/\/elinformante.mx\/index.php?rest_route=%2Fwp%2Fv2%2Fcomments&post=83471"}],"version-history":[{"count":0,"href":"https:\/\/elinformante.mx\/index.php?rest_route=\/wp\/v2\/posts\/83471\/revisions"}],"wp:featuredmedia":[{"embeddable":true,"href":"https:\/\/elinformante.mx\/index.php?rest_route=\/wp\/v2\/media\/83472"}],"wp:attachment":[{"href":"https:\/\/elinformante.mx\/index.php?rest_route=%2Fwp%2Fv2%2Fmedia&parent=83471"}],"wp:term":[{"taxonomy":"category","embeddable":true,"href":"https:\/\/elinformante.mx\/index.php?rest_route=%2Fwp%2Fv2%2Fcategories&post=83471"},{"taxonomy":"post_tag","embeddable":true,"href":"https:\/\/elinformante.mx\/index.php?rest_route=%2Fwp%2Fv2%2Ftags&post=83471"}],"curies":[{"name":"wp","href":"https:\/\/api.w.org\/{rel}","templated":true}]}}