{"id":83478,"date":"2025-05-16T06:12:03","date_gmt":"2025-05-16T12:12:03","guid":{"rendered":"https:\/\/elinformante.mx\/?p=83478"},"modified":"2025-05-16T06:12:05","modified_gmt":"2025-05-16T12:12:05","slug":"colaboracion-entre-gobiernos-de-mexico-y-edomex-avanza-para-implementar-el-programa-de-vivienda","status":"publish","type":"post","link":"https:\/\/elinformante.mx\/?p=83478","title":{"rendered":"Colaboraci\u00f3n entre gobiernos de M\u00e9xico y Edom\u00e9x avanza para implementar el Programa de Vivienda"},"content":{"rendered":"\n<figure class=\"wp-block-pullquote\"><blockquote><p>La mesa de trabajo fue encabezada por Carlos Maza Lara, Titular de la Sedui y Axay\u00e1catl Emiliano Ram\u00edrez Ch\u00e1vez, Delegado de la Sedatu en el Edom\u00e9x.<\/p><\/blockquote><\/figure>\n\n\n\n<p class=\"has-drop-cap\">Con el prop\u00f3sito de consolidar el acceso a una vivienda adecuada a los mexiquenses, las Secretar\u00edas de Desarrollo Agrario, Territorial y Urbano (Sedatu) del Gobierno de M\u00e9xico y de Desarrollo Urbano e Infraestructura (Sedui) del Estado de M\u00e9xico, realizaron una mesa de trabajo para garantizar la construcci\u00f3n de 36 mil inmuebles a trav\u00e9s del Programa de Vivienda para el Bienestar, por parte de la Comisi\u00f3n Nacional de Vivienda (Conavi).<br><\/p>\n\n\n\n<p>En total, con este programa, se pretenden construir 71 mil viviendas en el Estado de M\u00e9xico: 35 mil a cargo del Instituto del Fondo Nacional de Vivienda para los Trabajadores (Infonavit) y 36 mil por parte de la Conavi.<br><\/p>\n\n\n\n<p>En esta reuni\u00f3n, Axay\u00e1catl Emiliano Ram\u00edrez Ch\u00e1vez, Delegado de la Sedatu en el Estado de M\u00e9xico y Carlos Maza Lara, Titular de la Sedui, acordaron mantener una estrecha colaboraci\u00f3n y di\u00e1logo permanente entre todas las instancias gubernamentales y los presidentes municipales que se han sumado a esta estrategia con el objetivo que la Conavi pueda construir las casas en entornos urbanos \u00f3ptimos.<br><\/p>\n\n\n\n<p>Nicol\u00e1s Mart\u00ednez Romero, Presidente Municipal de Atlacomulco, present\u00f3 la propuesta de un predio para detonar la construcci\u00f3n de viviendas en esta demarcaci\u00f3n.<br><\/p>\n\n\n\n<p>Este encuentro subraya el compromiso conjunto de los tres \u00f3rdenes de gobierno para establecer una ruta que garantice condiciones urbanas \u00f3ptimas, generando bienestar y una mejor calidad de vida para las familias mexiquenses m\u00e1s necesitadas, e impulsando as\u00ed la construcci\u00f3n de comunidades inclusivas y con futuro.<br><\/p>\n\n\n\n<p>Para fortalecer la colaboraci\u00f3n, asistieron tambi\u00e9n servidores p\u00fablicos de la Sedui, as\u00ed como del Instituto Mexiquense de la Vivienda Social (Imevis) y de la Comisi\u00f3n de Impacto Estatal (Coime).<br><\/p>\n\n\n\n<p>Acudieron a esta reuni\u00f3n Tania Libertad Argumedo Ch\u00e1vez y Martha Jarqu\u00edn S\u00e1nchez, coordinadoras regionales de la Comisi\u00f3n Nacional de Vivienda (Conavi) en la Ciudad de M\u00e9xico y Estado de M\u00e9xico, respectivamente.<\/p>\n","protected":false},"excerpt":{"rendered":"<p>La mesa de trabajo fue encabezada por Carlos Maza Lara, Titular de la Sedui y Axay\u00e1catl Emiliano Ram\u00edrez Ch\u00e1vez, Delegado de la Sedatu en el Edom\u00e9x. Con el prop\u00f3sito de consolidar el acceso a una vivienda adecuada a los mexiquenses, las Secretar\u00edas de Desarrollo Agrario, Territorial y Urbano (Sedatu) del Gobierno de M\u00e9xico y de [&hellip;]<\/p>\n","protected":false},"author":1,"featured_media":83479,"comment_status":"closed","ping_status":"closed","sticky":false,"template":"","format":"standard","meta":{"footnotes":""},"categories":[36],"tags":[],"class_list":["post-83478","post","type-post","status-publish","format-standard","has-post-thumbnail","hentry","category-edomex"],"_links":{"self":[{"href":"https:\/\/elinformante.mx\/index.php?rest_route=\/wp\/v2\/posts\/83478","targetHints":{"allow":["GET"]}}],"collection":[{"href":"https:\/\/elinformante.mx\/index.php?rest_route=\/wp\/v2\/posts"}],"about":[{"href":"https:\/\/elinformante.mx\/index.php?rest_route=\/wp\/v2\/types\/post"}],"author":[{"embeddable":true,"href":"https:\/\/elinformante.mx\/index.php?rest_route=\/wp\/v2\/users\/1"}],"replies":[{"embeddable":true,"href":"https:\/\/elinformante.mx\/index.php?rest_route=%2Fwp%2Fv2%2Fcomments&post=83478"}],"version-history":[{"count":0,"href":"https:\/\/elinformante.mx\/index.php?rest_route=\/wp\/v2\/posts\/83478\/revisions"}],"wp:featuredmedia":[{"embeddable":true,"href":"https:\/\/elinformante.mx\/index.php?rest_route=\/wp\/v2\/media\/83479"}],"wp:attachment":[{"href":"https:\/\/elinformante.mx\/index.php?rest_route=%2Fwp%2Fv2%2Fmedia&parent=83478"}],"wp:term":[{"taxonomy":"category","embeddable":true,"href":"https:\/\/elinformante.mx\/index.php?rest_route=%2Fwp%2Fv2%2Fcategories&post=83478"},{"taxonomy":"post_tag","embeddable":true,"href":"https:\/\/elinformante.mx\/index.php?rest_route=%2Fwp%2Fv2%2Ftags&post=83478"}],"curies":[{"name":"wp","href":"https:\/\/api.w.org\/{rel}","templated":true}]}}