{"id":83484,"date":"2025-05-16T06:21:26","date_gmt":"2025-05-16T12:21:26","guid":{"rendered":"https:\/\/elinformante.mx\/?p=83484"},"modified":"2025-05-16T06:21:28","modified_gmt":"2025-05-16T12:21:28","slug":"delfina-gomez-y-claudia-sheinbaum-dan-seguimiento-al-plan-de-rescate-zona-oriente-del-edomex","status":"publish","type":"post","link":"https:\/\/elinformante.mx\/?p=83484","title":{"rendered":"Delfina G\u00f3mez y Claudia Sheinbaum dan seguimiento al Plan de Rescate Zona Oriente del Edom\u00e9x"},"content":{"rendered":"\n<figure class=\"wp-block-pullquote\"><blockquote><p>La gobernadora acudi\u00f3 a Palacio Nacional con integrantes del Gabinete Federal y del Edom\u00e9x; adem\u00e1s de las y los presidentes municipales de esta regi\u00f3n.<\/p><\/blockquote><\/figure>\n\n\n\n<p class=\"has-drop-cap\">La Presidenta Claudia Sheinbaum Pardo y la Gobernadora Delfina G\u00f3mez \u00c1lvarez se reunieron en Palacio Nacional para evaluar y dar seguimiento al Plan Integral de Rescate de la Zona Oriente del Estado de M\u00e9xico, que da atenci\u00f3n prioritaria a 10 millones de mexiquenses con mejores servicios de vivienda, educaci\u00f3n, salud, seguridad y transporte.<br><\/p>\n\n\n\n<figure class=\"wp-block-image size-large\"><img fetchpriority=\"high\" decoding=\"async\" width=\"1024\" height=\"506\" src=\"https:\/\/elinformante.mx\/wp-content\/uploads\/2025\/05\/7DELFINA-3-1024x506.jpeg\" alt=\"\" class=\"wp-image-83486\" srcset=\"https:\/\/elinformante.mx\/wp-content\/uploads\/2025\/05\/7DELFINA-3-1024x506.jpeg 1024w, https:\/\/elinformante.mx\/wp-content\/uploads\/2025\/05\/7DELFINA-3-300x148.jpeg 300w, https:\/\/elinformante.mx\/wp-content\/uploads\/2025\/05\/7DELFINA-3-768x379.jpeg 768w, https:\/\/elinformante.mx\/wp-content\/uploads\/2025\/05\/7DELFINA-3.jpeg 1140w\" sizes=\"(max-width: 1024px) 100vw, 1024px\" \/><\/figure>\n\n\n\n<p>\u201cHoy tuvimos una reuni\u00f3n muy productiva con nuestra Presidenta de M\u00e9xico, la Doctora @claudiashein para atender la Estrategia Integral del Oriente del Estado de M\u00e9xico \u201cAmor con amor se paga\u201d. \u00a1Seguimos trabajando en equipo por la transformaci\u00f3n del #Edom\u00e9x! #ElPoderDeServir\u201d coment\u00f3 la Gobernadora Delfina G\u00f3mez \u00c1lvarez en sus redes sociales.<br><\/p>\n\n\n\n<p>En esta reuni\u00f3n se revisaron los proyectos que se desarrollar\u00e1n en cada uno de los 10 municipios, con un presupuesto que asciende a 48 mil millones de pesos para renovar la infraestructura urbana, educativa, la movilidad, el sistema de drenaje, la red de hospitales y las estancias infantiles en estas demarcaciones.<br><\/p>\n\n\n\n<figure class=\"wp-block-image size-large\"><img decoding=\"async\" width=\"1024\" height=\"506\" src=\"https:\/\/elinformante.mx\/wp-content\/uploads\/2025\/05\/7DELFINA-2-1024x506.jpeg\" alt=\"\" class=\"wp-image-83487\" srcset=\"https:\/\/elinformante.mx\/wp-content\/uploads\/2025\/05\/7DELFINA-2-1024x506.jpeg 1024w, https:\/\/elinformante.mx\/wp-content\/uploads\/2025\/05\/7DELFINA-2-300x148.jpeg 300w, https:\/\/elinformante.mx\/wp-content\/uploads\/2025\/05\/7DELFINA-2-768x379.jpeg 768w, https:\/\/elinformante.mx\/wp-content\/uploads\/2025\/05\/7DELFINA-2.jpeg 1140w\" sizes=\"(max-width: 1024px) 100vw, 1024px\" \/><\/figure>\n\n\n\n<p>Estos beneficios llegar\u00e1n a los municipios de Chalco, Chicoloapan, Chimalhuac\u00e1n, Ecatepec, Ixtapaluca, La Paz, Nezahualc\u00f3yotl, Texcoco, Tlalnepantla y Valle de Chalco.<br><\/p>\n\n\n\n<p>A esta reuni\u00f3n asistieron integrantes del Gabinete Federal. Por parte del Estado de M\u00e9xico estuvieron Horacio Duarte Olivares, Secretario General de Gobierno y \u00d3scar Flores Jim\u00e9nez, Secretario de Finanzas; as\u00ed como alcaldes y alcaldesas de los 10 municipios que integran esta regi\u00f3n.<\/p>\n\n\n\n<figure class=\"wp-block-image size-large\"><img decoding=\"async\" width=\"1024\" height=\"506\" src=\"https:\/\/elinformante.mx\/wp-content\/uploads\/2025\/05\/7DELFINA-4-1024x506.jpeg\" alt=\"\" class=\"wp-image-83488\" srcset=\"https:\/\/elinformante.mx\/wp-content\/uploads\/2025\/05\/7DELFINA-4-1024x506.jpeg 1024w, https:\/\/elinformante.mx\/wp-content\/uploads\/2025\/05\/7DELFINA-4-300x148.jpeg 300w, https:\/\/elinformante.mx\/wp-content\/uploads\/2025\/05\/7DELFINA-4-768x379.jpeg 768w, https:\/\/elinformante.mx\/wp-content\/uploads\/2025\/05\/7DELFINA-4.jpeg 1140w\" sizes=\"(max-width: 1024px) 100vw, 1024px\" \/><\/figure>\n","protected":false},"excerpt":{"rendered":"<p>La gobernadora acudi\u00f3 a Palacio Nacional con integrantes del Gabinete Federal y del Edom\u00e9x; adem\u00e1s de las y los presidentes municipales de esta regi\u00f3n. La Presidenta Claudia Sheinbaum Pardo y la Gobernadora Delfina G\u00f3mez \u00c1lvarez se reunieron en Palacio Nacional para evaluar y dar seguimiento al Plan Integral de Rescate de la Zona Oriente del [&hellip;]<\/p>\n","protected":false},"author":1,"featured_media":83485,"comment_status":"closed","ping_status":"closed","sticky":false,"template":"","format":"standard","meta":{"footnotes":""},"categories":[30,36,31],"tags":[],"class_list":["post-83484","post","type-post","status-publish","format-standard","has-post-thumbnail","hentry","category-destacado","category-edomex","category-portada"],"_links":{"self":[{"href":"https:\/\/elinformante.mx\/index.php?rest_route=\/wp\/v2\/posts\/83484","targetHints":{"allow":["GET"]}}],"collection":[{"href":"https:\/\/elinformante.mx\/index.php?rest_route=\/wp\/v2\/posts"}],"about":[{"href":"https:\/\/elinformante.mx\/index.php?rest_route=\/wp\/v2\/types\/post"}],"author":[{"embeddable":true,"href":"https:\/\/elinformante.mx\/index.php?rest_route=\/wp\/v2\/users\/1"}],"replies":[{"embeddable":true,"href":"https:\/\/elinformante.mx\/index.php?rest_route=%2Fwp%2Fv2%2Fcomments&post=83484"}],"version-history":[{"count":0,"href":"https:\/\/elinformante.mx\/index.php?rest_route=\/wp\/v2\/posts\/83484\/revisions"}],"wp:featuredmedia":[{"embeddable":true,"href":"https:\/\/elinformante.mx\/index.php?rest_route=\/wp\/v2\/media\/83485"}],"wp:attachment":[{"href":"https:\/\/elinformante.mx\/index.php?rest_route=%2Fwp%2Fv2%2Fmedia&parent=83484"}],"wp:term":[{"taxonomy":"category","embeddable":true,"href":"https:\/\/elinformante.mx\/index.php?rest_route=%2Fwp%2Fv2%2Fcategories&post=83484"},{"taxonomy":"post_tag","embeddable":true,"href":"https:\/\/elinformante.mx\/index.php?rest_route=%2Fwp%2Fv2%2Ftags&post=83484"}],"curies":[{"name":"wp","href":"https:\/\/api.w.org\/{rel}","templated":true}]}}