{"id":83490,"date":"2025-05-16T06:28:34","date_gmt":"2025-05-16T12:28:34","guid":{"rendered":"https:\/\/elinformante.mx\/?p=83490"},"modified":"2025-05-16T06:28:36","modified_gmt":"2025-05-16T12:28:36","slug":"fernando-flores-inaugura-el-primer-torneo-nacional-de-padel-en-metepec","status":"publish","type":"post","link":"https:\/\/elinformante.mx\/?p=83490","title":{"rendered":"Fernando Flores inaugura el Primer Torneo Nacional de P\u00e1del en Metepec"},"content":{"rendered":"\n<figure class=\"wp-block-pullquote\"><blockquote><p>El municipio se consolida como sede deportiva recibiendo a m\u00e1s de 600 atletas que participan en el evento.<\/p><\/blockquote><\/figure>\n\n\n\n<p class=\"has-drop-cap\">El municipio de Metepec, reafirma su compromiso con el deporte al albergar el Primer Torneo Nacional de P\u00e1del, un evento que reunir\u00e1 a m\u00e1s de 600 atletas de distintos estados del pa\u00eds; adem\u00e1s de fortalecer la proyecci\u00f3n deportiva del municipio.<br><\/p>\n\n\n\n<p>Durante la inauguraci\u00f3n del Primer Torneo Internacional de P\u00e1del, el presidente municipal, Fernando Flores Fern\u00e1ndez destac\u00f3 la importancia de este evento para la comunidad y el impulso que representa para los j\u00f3venes talentos y jugadores experimentados.<br><\/p>\n\n\n\n<p>Las instalaciones de P\u00e1del Center Town y P\u00e1del Center Condado ser\u00e1n el escenario de esta prestigiosa competencia, que concluir\u00e1 el domingo 18 de mayo.<br><\/p>\n\n\n\n<figure class=\"wp-block-image size-large\"><img fetchpriority=\"high\" decoding=\"async\" width=\"1024\" height=\"506\" src=\"https:\/\/elinformante.mx\/wp-content\/uploads\/2025\/05\/8METEPEC2-1024x506.jpg\" alt=\"\" class=\"wp-image-83492\" srcset=\"https:\/\/elinformante.mx\/wp-content\/uploads\/2025\/05\/8METEPEC2-1024x506.jpg 1024w, https:\/\/elinformante.mx\/wp-content\/uploads\/2025\/05\/8METEPEC2-300x148.jpg 300w, https:\/\/elinformante.mx\/wp-content\/uploads\/2025\/05\/8METEPEC2-768x379.jpg 768w, https:\/\/elinformante.mx\/wp-content\/uploads\/2025\/05\/8METEPEC2.jpg 1140w\" sizes=\"(max-width: 1024px) 100vw, 1024px\" \/><\/figure>\n\n\n\n<p>Durante el evento Flores Fern\u00e1ndez destac\u00f3 que este evento es organizado por la Federaci\u00f3n Mexicana de P\u00e1del (Femepa) y con el respaldo del ayuntamiento municipal de Metepec.<br><\/p>\n\n\n\n<p>Este torneo forma parte del Circuito Nacional de Infantiles y Juveniles Futuras Promesas M\u00e9xico 2025 y el Circuito Nacional de Veteranos 2025.<br><\/p>\n\n\n\n<p>\u201cMetepec sigue creciendo como referente deportivo. Nos llena de orgullo recibir a estos atletas y apoyar el desarrollo del p\u00e1del en M\u00e9xico. Este torneo es una oportunidad para destacar el talento de nuestra juventud y promover un estilo de vida saludable\u201d, expres\u00f3 Flores Fern\u00e1ndez.<br><\/p>\n\n\n\n<figure class=\"wp-block-image size-large\"><img decoding=\"async\" width=\"1024\" height=\"506\" src=\"https:\/\/elinformante.mx\/wp-content\/uploads\/2025\/05\/8METEPEC4-1024x506.jpg\" alt=\"\" class=\"wp-image-83493\" srcset=\"https:\/\/elinformante.mx\/wp-content\/uploads\/2025\/05\/8METEPEC4-1024x506.jpg 1024w, https:\/\/elinformante.mx\/wp-content\/uploads\/2025\/05\/8METEPEC4-300x148.jpg 300w, https:\/\/elinformante.mx\/wp-content\/uploads\/2025\/05\/8METEPEC4-768x379.jpg 768w, https:\/\/elinformante.mx\/wp-content\/uploads\/2025\/05\/8METEPEC4.jpg 1140w\" sizes=\"(max-width: 1024px) 100vw, 1024px\" \/><\/figure>\n\n\n\n<p>Se inform\u00f3 que la competencia se desarrolla en diversas categor\u00edas para ambas ramas, con seis divisiones en el torneo infantil y juvenil, desde 10 hasta 23 a\u00f1os, mientras que en el circuito de veteranos se han abierto ocho grupos, incluyendo mayores de 35 hasta el Open 45.<br><\/p>\n\n\n\n<p>Por su parte, el presidente de la Femepa, Adalberto Ma\u00f1\u00e9 Rend\u00f3n, enfatiz\u00f3 el crecimiento del p\u00e1del en el pa\u00eds y la relevancia de Metepec como sede deportiva. \u201cEste evento ha sido un \u00e9xito, y el nivel competitivo sigue en ascenso. Estamos seguros de que el p\u00e1del continuar\u00e1 expandi\u00e9ndose y Metepec seguir\u00e1 siendo un punto clave en su desarrollo\u201d, mencion\u00f3.<br><\/p>\n\n\n\n<p>Con la presencia de autoridades municipales y deportivas, el Primer Torneo Nacional de P\u00e1del en Metepec se perfila como un acontecimiento emblem\u00e1tico, promoviendo el deporte y consolidando al municipio como sede de eventos de gran impacto.<\/p>\n\n\n\n<figure class=\"wp-block-image size-large\"><img decoding=\"async\" width=\"1024\" height=\"506\" src=\"https:\/\/elinformante.mx\/wp-content\/uploads\/2025\/05\/8METEPEC3-1024x506.jpg\" alt=\"\" class=\"wp-image-83494\" srcset=\"https:\/\/elinformante.mx\/wp-content\/uploads\/2025\/05\/8METEPEC3-1024x506.jpg 1024w, https:\/\/elinformante.mx\/wp-content\/uploads\/2025\/05\/8METEPEC3-300x148.jpg 300w, https:\/\/elinformante.mx\/wp-content\/uploads\/2025\/05\/8METEPEC3-768x379.jpg 768w, https:\/\/elinformante.mx\/wp-content\/uploads\/2025\/05\/8METEPEC3.jpg 1140w\" sizes=\"(max-width: 1024px) 100vw, 1024px\" \/><\/figure>\n","protected":false},"excerpt":{"rendered":"<p>El municipio se consolida como sede deportiva recibiendo a m\u00e1s de 600 atletas que participan en el evento. El municipio de Metepec, reafirma su compromiso con el deporte al albergar el Primer Torneo Nacional de P\u00e1del, un evento que reunir\u00e1 a m\u00e1s de 600 atletas de distintos estados del pa\u00eds; adem\u00e1s de fortalecer la proyecci\u00f3n [&hellip;]<\/p>\n","protected":false},"author":1,"featured_media":83491,"comment_status":"closed","ping_status":"closed","sticky":false,"template":"","format":"standard","meta":{"footnotes":""},"categories":[30,36,31],"tags":[46],"class_list":["post-83490","post","type-post","status-publish","format-standard","has-post-thumbnail","hentry","category-destacado","category-edomex","category-portada","tag-portadaedomex"],"_links":{"self":[{"href":"https:\/\/elinformante.mx\/index.php?rest_route=\/wp\/v2\/posts\/83490","targetHints":{"allow":["GET"]}}],"collection":[{"href":"https:\/\/elinformante.mx\/index.php?rest_route=\/wp\/v2\/posts"}],"about":[{"href":"https:\/\/elinformante.mx\/index.php?rest_route=\/wp\/v2\/types\/post"}],"author":[{"embeddable":true,"href":"https:\/\/elinformante.mx\/index.php?rest_route=\/wp\/v2\/users\/1"}],"replies":[{"embeddable":true,"href":"https:\/\/elinformante.mx\/index.php?rest_route=%2Fwp%2Fv2%2Fcomments&post=83490"}],"version-history":[{"count":0,"href":"https:\/\/elinformante.mx\/index.php?rest_route=\/wp\/v2\/posts\/83490\/revisions"}],"wp:featuredmedia":[{"embeddable":true,"href":"https:\/\/elinformante.mx\/index.php?rest_route=\/wp\/v2\/media\/83491"}],"wp:attachment":[{"href":"https:\/\/elinformante.mx\/index.php?rest_route=%2Fwp%2Fv2%2Fmedia&parent=83490"}],"wp:term":[{"taxonomy":"category","embeddable":true,"href":"https:\/\/elinformante.mx\/index.php?rest_route=%2Fwp%2Fv2%2Fcategories&post=83490"},{"taxonomy":"post_tag","embeddable":true,"href":"https:\/\/elinformante.mx\/index.php?rest_route=%2Fwp%2Fv2%2Ftags&post=83490"}],"curies":[{"name":"wp","href":"https:\/\/api.w.org\/{rel}","templated":true}]}}