{"id":83499,"date":"2025-05-16T06:35:14","date_gmt":"2025-05-16T12:35:14","guid":{"rendered":"https:\/\/elinformante.mx\/?p=83499"},"modified":"2025-05-16T06:35:16","modified_gmt":"2025-05-16T12:35:16","slug":"asestan-golpe-en-la-alcaldia-cuajimalpa-contra-delincuentes-ambientales","status":"publish","type":"post","link":"https:\/\/elinformante.mx\/?p=83499","title":{"rendered":"Asestan golpe en la alcald\u00eda Cuajimalpa contra delincuentes ambientales"},"content":{"rendered":"\n<figure class=\"wp-block-pullquote\"><blockquote><p>De acuerdo a la informaci\u00f3n oficial, dicho grupo de infractores ten\u00edan disposici\u00f3n de materia org\u00e1nica y una camioneta sin placas en operaci\u00f3n.<\/p><\/blockquote><\/figure>\n\n\n\n<p class=\"has-drop-cap\">Autoridades locales aprehendieron infraganti a cinco sujetos que presuntamente realizaban actividades il\u00edcitas atentando en contra del medio ambiente en la zona de El Ocotal.<br><\/p>\n\n\n\n<p>Dicho acto, constituye un delito por poda clandestina y\/o extracci\u00f3n de recursos naturales de la zona. Los sujetos fueron puestos a disposici\u00f3n con base a las normas vigentes.<br><\/p>\n\n\n\n<p>Para el alcalde de Cuajimalpa, Carlos Orva\u00f1anos, es importante mantener acciones encaminadas a la protecci\u00f3n del medio ambiente y la fauna de la demarcaci\u00f3n, al no tolerar este tipo de abusos a la ecolog\u00eda comunal y se actuar\u00e1 con todo el peso de la ley.<br><\/p>\n\n\n\n<p>De acuerdo a la informaci\u00f3n oficial, dicho grupo de infractores ten\u00edan disposici\u00f3n de materia org\u00e1nica y una camioneta sin placas en operaci\u00f3n.<br><\/p>\n\n\n\n<p>Este hecho fue detectado por las Direcciones de Sustentabilidad, Recursos Naturales y \u00c1reas Protegidas, de Servicios Urbanos, en conjunto con la Unidad Departamental de Rescate Ecol\u00f3gico, as\u00ed como la Unidad de Gesti\u00f3n de Riesgos y Protecci\u00f3n Civil.<br><\/p>\n\n\n\n<p>Al realizar una inspecci\u00f3n, se verific\u00f3 la disposici\u00f3n, extracci\u00f3n y manejo de material ecol\u00f3gico, donde se encontr\u00f3 que quienes realizaban actividades no contaban con los permisos ni las acreditaciones emitidas por las autoridades. El il\u00edcito sucedi\u00f3 en Santa Rita, colonia Loma del Padre en Cuajimalpa.<br><\/p>\n\n\n\n<p>El gobierno de Orva\u00f1anos informa a la ciudadan\u00eda que los posibles delitos en materia ambiental son la tala de \u00e1rboles para productos forestales maderables.<br><\/p>\n\n\n\n<p>Adem\u00e1s de la extracci\u00f3n de resinas, cortezas, hojas, frutos y, en su caso, los recursos naturales que se encuentran en un bosque, incluyendo la madera, la fauna, el agua, el suelo, entre otros.<\/p>\n\n\n\n<p><\/p>\n","protected":false},"excerpt":{"rendered":"<p>De acuerdo a la informaci\u00f3n oficial, dicho grupo de infractores ten\u00edan disposici\u00f3n de materia org\u00e1nica y una camioneta sin placas en operaci\u00f3n. Autoridades locales aprehendieron infraganti a cinco sujetos que presuntamente realizaban actividades il\u00edcitas atentando en contra del medio ambiente en la zona de El Ocotal. Dicho acto, constituye un delito por poda clandestina y\/o [&hellip;]<\/p>\n","protected":false},"author":1,"featured_media":83500,"comment_status":"closed","ping_status":"closed","sticky":false,"template":"","format":"standard","meta":{"footnotes":""},"categories":[35],"tags":[],"class_list":["post-83499","post","type-post","status-publish","format-standard","has-post-thumbnail","hentry","category-cdmx"],"_links":{"self":[{"href":"https:\/\/elinformante.mx\/index.php?rest_route=\/wp\/v2\/posts\/83499","targetHints":{"allow":["GET"]}}],"collection":[{"href":"https:\/\/elinformante.mx\/index.php?rest_route=\/wp\/v2\/posts"}],"about":[{"href":"https:\/\/elinformante.mx\/index.php?rest_route=\/wp\/v2\/types\/post"}],"author":[{"embeddable":true,"href":"https:\/\/elinformante.mx\/index.php?rest_route=\/wp\/v2\/users\/1"}],"replies":[{"embeddable":true,"href":"https:\/\/elinformante.mx\/index.php?rest_route=%2Fwp%2Fv2%2Fcomments&post=83499"}],"version-history":[{"count":0,"href":"https:\/\/elinformante.mx\/index.php?rest_route=\/wp\/v2\/posts\/83499\/revisions"}],"wp:featuredmedia":[{"embeddable":true,"href":"https:\/\/elinformante.mx\/index.php?rest_route=\/wp\/v2\/media\/83500"}],"wp:attachment":[{"href":"https:\/\/elinformante.mx\/index.php?rest_route=%2Fwp%2Fv2%2Fmedia&parent=83499"}],"wp:term":[{"taxonomy":"category","embeddable":true,"href":"https:\/\/elinformante.mx\/index.php?rest_route=%2Fwp%2Fv2%2Fcategories&post=83499"},{"taxonomy":"post_tag","embeddable":true,"href":"https:\/\/elinformante.mx\/index.php?rest_route=%2Fwp%2Fv2%2Ftags&post=83499"}],"curies":[{"name":"wp","href":"https:\/\/api.w.org\/{rel}","templated":true}]}}