{"id":83514,"date":"2025-05-16T06:46:51","date_gmt":"2025-05-16T12:46:51","guid":{"rendered":"https:\/\/elinformante.mx\/?p=83514"},"modified":"2025-05-16T06:46:53","modified_gmt":"2025-05-16T12:46:53","slug":"inaugura-mara-lezama-el-cai-booy-che-para-la-educacion-de-hijas-e-hijos-de-trabajadores-del-sector-turistico","status":"publish","type":"post","link":"https:\/\/elinformante.mx\/?p=83514","title":{"rendered":"Inaugura Mara Lezama el CAI Bo\u2019oy Ch\u00e9 para la educaci\u00f3n de hijas e hijos de trabajadores del sector tur\u00edstico"},"content":{"rendered":"\n<figure class=\"wp-block-pullquote\"><blockquote><p>-Se ofrecer\u00e1 a la ni\u00f1ez servicios especializados en trabajo social, psicolog\u00eda, enfermer\u00eda, alimentaci\u00f3n, educaci\u00f3n, pedagog\u00eda, nutrici\u00f3n y salud<\/p><\/blockquote><\/figure>\n\n\n\n<p class=\"has-drop-cap\">Con el firme compromiso de fortalecer el bienestar de la ni\u00f1ez en Quintana Roo, la gobernadora Mara Lezama Espinosa, acompa\u00f1ada de la presidenta honoraria del Sistema DIF Estatal, Ver\u00f3nica Lezama Espinosa, y la presidenta municipal de Benito Ju\u00e1rez, Ana Paty Peralta de la Pe\u00f1a, inaugur\u00f3 el nuevo Centro de Atenci\u00f3n Infantil (CAI) Bo\u2019oy Ch\u00e9 en Canc\u00fan.<br><\/p>\n\n\n\n<p>Este CAI est\u00e1 dise\u00f1ado para atender a ni\u00f1as y ni\u00f1os de 2 a 5 a\u00f1os 11 meses, especialmente hijas e hijos de madres y padres trabajadores del sector tur\u00edstico, a quienes se les ofrecer\u00e1n espacios seguros, dignos y equipados con servicios integrales que fomenten su desarrollo pleno, destac\u00f3 la gobernadora Mara Lezama.<br><\/p>\n\n\n\n<p>La presidenta honoraria del Sistema DIF estatal, Ver\u00f3nica Lezama Espinosa se\u00f1al\u00f3 que en este CAI los ni\u00f1os podr\u00e1n crecer, expresarse con libertad, \u201caprender con un modelo educativo que nos llena de orgullo, basado en la filosof\u00eda Reggio Emilia, que promueve el aprendizaje a trav\u00e9s de la exploraci\u00f3n, el juego y la curiosidad natural de las ni\u00f1as y los ni\u00f1os, y que nos convierte en un referente nacional\u201d, diijo.<br><\/p>\n\n\n\n<p>Durante la ceremonia de apertura, la Gobernadora enfatiz\u00f3 que es fundamental abrir este espacio para las mujeres trabajadoras.<br><\/p>\n\n\n\n<p>Puntualiz\u00f3 que estas obras se hacen con amor, porque este es un gobierno diferente, humanista con coraz\u00f3n feminista, que pone a las personas en la prioridad de lo p\u00fablico, que tiene bien claro que el dinero es del pueblo y debe regresar al pueblo, cuando en gobiernos anteriores fue a parar al bolsillo de unos cu\u00e1ntos.<br><\/p>\n\n\n\n<p>Al agradecer a todo el equipo del DIF Quintana Roo que atiende con amor a las y los ni\u00f1os, la gobernadora Mara Lezama pidi\u00f3 desdoblar la campa\u00f1a \u201cL@s Ni\u00f1@s no se Rompen\u201d, porque queremos verlas y verlos inmensamente felices.<br><\/p>\n\n\n\n<p>De acuerdo con explicaciones durante el recorrido por las instalaciones, el CAI Bo\u2019oy Ch\u00e9 contar\u00e1 con una capacidad para 50 ni\u00f1as y ni\u00f1os y ofrecer\u00e1 servicios especializados en trabajo social, psicolog\u00eda, enfermer\u00eda, alimentaci\u00f3n, educaci\u00f3n, pedagog\u00eda, nutrici\u00f3n y salud.<br><\/p>\n\n\n\n<p>Adem\u00e1s, de que estar\u00e1 equipado con espacios como comedor, cocina, salas de aprendizaje (Exploradores, Aventureros, Investigadores y Navegantes), \u00e1reas de juego y atenci\u00f3n profesional, indic\u00f3.<br><\/p>\n\n\n\n<p>Previamente, la presidenta municipal Ana Paty Peralta de la Pe\u00f1a agradeci\u00f3 el apoyo de la gobernadora Mara Lezama y de la presidenta honoraria del DIF, Ver\u00f3nica Lezama, por este espacio para darle alegr\u00eda y amor a la ni\u00f1ez en una etapa importante de su vida.<br><\/p>\n\n\n\n<p>Con esta acci\u00f3n, el gobierno estatal reafirma su compromiso con el respeto y la garant\u00eda de los derechos de la ni\u00f1ez quintanarroense, por ello a trav\u00e9s del DIF trabajamos de la mano en la atenci\u00f3n de los grupos prioritarios y as\u00ed, mejorar su calidad de vida, dijo.<\/p>\n","protected":false},"excerpt":{"rendered":"<p>-Se ofrecer\u00e1 a la ni\u00f1ez servicios especializados en trabajo social, psicolog\u00eda, enfermer\u00eda, alimentaci\u00f3n, educaci\u00f3n, pedagog\u00eda, nutrici\u00f3n y salud Con el firme compromiso de fortalecer el bienestar de la ni\u00f1ez en Quintana Roo, la gobernadora Mara Lezama Espinosa, acompa\u00f1ada de la presidenta honoraria del Sistema DIF Estatal, Ver\u00f3nica Lezama Espinosa, y la presidenta municipal de Benito [&hellip;]<\/p>\n","protected":false},"author":1,"featured_media":83515,"comment_status":"closed","ping_status":"closed","sticky":false,"template":"","format":"standard","meta":{"footnotes":""},"categories":[30,34],"tags":[],"class_list":["post-83514","post","type-post","status-publish","format-standard","has-post-thumbnail","hentry","category-destacado","category-nacional"],"_links":{"self":[{"href":"https:\/\/elinformante.mx\/index.php?rest_route=\/wp\/v2\/posts\/83514","targetHints":{"allow":["GET"]}}],"collection":[{"href":"https:\/\/elinformante.mx\/index.php?rest_route=\/wp\/v2\/posts"}],"about":[{"href":"https:\/\/elinformante.mx\/index.php?rest_route=\/wp\/v2\/types\/post"}],"author":[{"embeddable":true,"href":"https:\/\/elinformante.mx\/index.php?rest_route=\/wp\/v2\/users\/1"}],"replies":[{"embeddable":true,"href":"https:\/\/elinformante.mx\/index.php?rest_route=%2Fwp%2Fv2%2Fcomments&post=83514"}],"version-history":[{"count":0,"href":"https:\/\/elinformante.mx\/index.php?rest_route=\/wp\/v2\/posts\/83514\/revisions"}],"wp:featuredmedia":[{"embeddable":true,"href":"https:\/\/elinformante.mx\/index.php?rest_route=\/wp\/v2\/media\/83515"}],"wp:attachment":[{"href":"https:\/\/elinformante.mx\/index.php?rest_route=%2Fwp%2Fv2%2Fmedia&parent=83514"}],"wp:term":[{"taxonomy":"category","embeddable":true,"href":"https:\/\/elinformante.mx\/index.php?rest_route=%2Fwp%2Fv2%2Fcategories&post=83514"},{"taxonomy":"post_tag","embeddable":true,"href":"https:\/\/elinformante.mx\/index.php?rest_route=%2Fwp%2Fv2%2Ftags&post=83514"}],"curies":[{"name":"wp","href":"https:\/\/api.w.org\/{rel}","templated":true}]}}