{"id":83520,"date":"2025-05-16T06:57:42","date_gmt":"2025-05-16T12:57:42","guid":{"rendered":"https:\/\/elinformante.mx\/?p=83520"},"modified":"2025-05-16T06:57:45","modified_gmt":"2025-05-16T12:57:45","slug":"anuncian-aumento-salarial-del-9-a-maestros-por-parte-de-gobierno","status":"publish","type":"post","link":"https:\/\/elinformante.mx\/?p=83520","title":{"rendered":"Anuncian aumento salarial del 9% a maestros por parte de gobierno"},"content":{"rendered":"\n<figure class=\"wp-block-pullquote\"><blockquote><p>El secretario de Educaci\u00f3n, Mario Delgado Carrillo, reconoci\u00f3 el papel hist\u00f3rico de las y los maestros, no solo como formadores de alumnos y alumnas, sino como v\u00ednculo entre las comunidades y el gobierno.<\/p><\/blockquote><\/figure>\n\n\n\n<p class=\"has-drop-cap\">En el marco del D\u00eda de la Maestra y el Maestro, la Presidenta Claudia Sheinbaum Pardo anunci\u00f3 un incremento salarial del 9% retroactivo al 1 de enero, as\u00ed como un aumento adicional de 1 por ciento a partir de septiembre de este a\u00f1o.<br><\/p>\n\n\n\n<p>En reconocimiento a la labor de las y los docentes, inform\u00f3 que se incrementar\u00e1 una semana m\u00e1s de vacaciones, ya que luego de analizar los calendarios escolares de diferentes partes del mundo, concluy\u00f3, junto al titular de la SEP, Mario Delgado Carrillo, que es posible a\u00f1adir un descanso adicional, lo que tambi\u00e9n ser\u00e1 bueno para las ni\u00f1as y los ni\u00f1os.<br><\/p>\n\n\n\n<p>Anunci\u00f3 tambi\u00e9n que, junto a las maestras y maestros, se sustituir\u00e1 la Unidad del Sistema para la Carrera de las Maestras y Maestros (USICAMM), y mientras esto ocurre, se firmar\u00e1 un decreto para mejorar la movilidad de las maestras y los maestros en sus centros de trabajo, tomando en cuenta el tiempo de servicio y con preferencia a quienes tengan mayor antig\u00fcedad para que est\u00e9n m\u00e1s cerca de sus familias.<br><\/p>\n\n\n\n<p>Record\u00f3 que, durante el periodo neoliberal, los gobiernos de entonces intentaron privatizar todo, incluso el acceso a la educaci\u00f3n p\u00fablica a trav\u00e9s de la mal llamada Reforma Educativa de 2013, la cual fue revertida con la llegada del expresidente Andr\u00e9s Manuel L\u00f3pez Obrador y de la Cuarta Transformaci\u00f3n, recuperando los derechos que les fueron arrebatados, como lo fue un aumento paulatino del salario y la basificaci\u00f3n de casi un mill\u00f3n de maestras y maestros.<br><\/p>\n\n\n\n<p>Puntualiz\u00f3 que su administraci\u00f3n est\u00e1 de acuerdo en que en 2007 se cometi\u00f3 una injusticia con la reforma a la Ley del Instituto de Seguridad y Servicios Sociales de los Trabajadores del Estado (ISSSTE), ya que quit\u00f3 derechos a los trabajadores, por lo que se congel\u00f3 la edad de jubilaci\u00f3n para aquellos que est\u00e9n en el d\u00e9cimo transitorio y plante\u00f3 trabajar en conjunto con los docentes para encontrar una soluci\u00f3n.<br><\/p>\n\n\n\n<p>El secretario de Educaci\u00f3n, Mario Delgado Carrillo, reconoci\u00f3 el papel hist\u00f3rico de las y los maestros, no solo como formadores de alumnos y alumnas, sino como v\u00ednculo entre las comunidades y el gobierno. Destac\u00f3 la importancia que tiene para el Gobierno de M\u00e9xico garantizar el acceso a la educaci\u00f3n como un derecho, y por ello es que las becas Benito Ju\u00e1rez, Rita Cetina y J\u00f3venes Escribiendo el Futuro son los Programas para el Bienestar con m\u00e1s derechohabientes.<br><\/p>\n\n\n\n<p>El secretario general del Sindicato Nacional de Trabajadores de la Educaci\u00f3n, Alfonso Cepeda Salas, resalt\u00f3 que, con estas acciones, adem\u00e1s de reconocer el trabajo de maestras y maestros, se fortalece el valor de la educaci\u00f3n y de la escuela p\u00fablica, por lo que refrend\u00f3 el compromiso del magisterio para ser parte activa de la construcci\u00f3n del segundo piso de la Cuarta Transformaci\u00f3n.<\/p>\n","protected":false},"excerpt":{"rendered":"<p>El secretario de Educaci\u00f3n, Mario Delgado Carrillo, reconoci\u00f3 el papel hist\u00f3rico de las y los maestros, no solo como formadores de alumnos y alumnas, sino como v\u00ednculo entre las comunidades y el gobierno. En el marco del D\u00eda de la Maestra y el Maestro, la Presidenta Claudia Sheinbaum Pardo anunci\u00f3 un incremento salarial del 9% [&hellip;]<\/p>\n","protected":false},"author":1,"featured_media":83521,"comment_status":"closed","ping_status":"closed","sticky":false,"template":"","format":"standard","meta":{"footnotes":""},"categories":[30,34],"tags":[],"class_list":["post-83520","post","type-post","status-publish","format-standard","has-post-thumbnail","hentry","category-destacado","category-nacional"],"_links":{"self":[{"href":"https:\/\/elinformante.mx\/index.php?rest_route=\/wp\/v2\/posts\/83520","targetHints":{"allow":["GET"]}}],"collection":[{"href":"https:\/\/elinformante.mx\/index.php?rest_route=\/wp\/v2\/posts"}],"about":[{"href":"https:\/\/elinformante.mx\/index.php?rest_route=\/wp\/v2\/types\/post"}],"author":[{"embeddable":true,"href":"https:\/\/elinformante.mx\/index.php?rest_route=\/wp\/v2\/users\/1"}],"replies":[{"embeddable":true,"href":"https:\/\/elinformante.mx\/index.php?rest_route=%2Fwp%2Fv2%2Fcomments&post=83520"}],"version-history":[{"count":0,"href":"https:\/\/elinformante.mx\/index.php?rest_route=\/wp\/v2\/posts\/83520\/revisions"}],"wp:featuredmedia":[{"embeddable":true,"href":"https:\/\/elinformante.mx\/index.php?rest_route=\/wp\/v2\/media\/83521"}],"wp:attachment":[{"href":"https:\/\/elinformante.mx\/index.php?rest_route=%2Fwp%2Fv2%2Fmedia&parent=83520"}],"wp:term":[{"taxonomy":"category","embeddable":true,"href":"https:\/\/elinformante.mx\/index.php?rest_route=%2Fwp%2Fv2%2Fcategories&post=83520"},{"taxonomy":"post_tag","embeddable":true,"href":"https:\/\/elinformante.mx\/index.php?rest_route=%2Fwp%2Fv2%2Ftags&post=83520"}],"curies":[{"name":"wp","href":"https:\/\/api.w.org\/{rel}","templated":true}]}}