{"id":83530,"date":"2025-05-16T07:07:44","date_gmt":"2025-05-16T13:07:44","guid":{"rendered":"https:\/\/elinformante.mx\/?p=83530"},"modified":"2025-05-16T07:07:46","modified_gmt":"2025-05-16T13:07:46","slug":"firmo-sheinbaum-acuerdo-con-22-grupos-empresariales-aumentaran-venta-de-productos-hechos-en-mexico","status":"publish","type":"post","link":"https:\/\/elinformante.mx\/?p=83530","title":{"rendered":"FIRM\u00d3 SHEINBAUM ACUERDO CON 22 GRUPOS EMPRESARIALES; AUMENTAR\u00c1N VENTA DE PRODUCTOS HECHOS EN M\u00c9XICO"},"content":{"rendered":"\n<figure class=\"wp-block-pullquote\"><blockquote><p>-Forma parte del Plan M\u00e9xico y tiene como objetivo incrementar la presencia de los productos nacionales en tiendas departamentales y de venta de enseres<br>-Entrar\u00e1 en funcionamiento en 90 d\u00edas y tendr\u00e1 una duraci\u00f3n de tres a\u00f1os, del 2025 al 2028<\/p><\/blockquote><\/figure>\n\n\n\n<p class=\"has-drop-cap\">La Presidenta Claudia Sheinbaum Pardo inform\u00f3 que, como parte del Plan M\u00e9xico, ayer 14 de mayo firm\u00f3, junto a 22 grupos empresariales, el Acuerdo voluntario para el aumento de contenido nacional, que tiene como objetivo incrementar la comercializaci\u00f3n de los productos Hechos en M\u00e9xico en tiendas de autoservicio, departamentales, farmacias, tiendas minoristas, as\u00ed como en plataformas de comercio digital.<br><\/p>\n\n\n\n<p>\u201cEs Plan M\u00e9xico: producir m\u00e1s en nuestro pa\u00eds, generar m\u00e1s empleos. Y este acuerdo fue muy importante, es un acuerdo voluntario, pero se le va a dar seguimiento, como muchos otros\u201d, coment\u00f3 en la conferencia matutina: \u201cLas ma\u00f1aneras del pueblo\u201d.<br><\/p>\n\n\n\n<p>Inform\u00f3 que, en d\u00edas pasados, tambi\u00e9n se realiz\u00f3 la firma para la ampliaci\u00f3n del Paquete Contra la Inflaci\u00f3n y la Carest\u00eda (PACIC), con tiendas de autoservicio y productores agropecuarios, para que los 24 productos de la canasta b\u00e1sica no suban de precio.<br><\/p>\n\n\n\n<figure class=\"wp-block-image size-large\"><img fetchpriority=\"high\" decoding=\"async\" width=\"1024\" height=\"506\" src=\"https:\/\/elinformante.mx\/wp-content\/uploads\/2025\/05\/9claudia-4-1-1024x506.jpg\" alt=\"\" class=\"wp-image-83532\" srcset=\"https:\/\/elinformante.mx\/wp-content\/uploads\/2025\/05\/9claudia-4-1-1024x506.jpg 1024w, https:\/\/elinformante.mx\/wp-content\/uploads\/2025\/05\/9claudia-4-1-300x148.jpg 300w, https:\/\/elinformante.mx\/wp-content\/uploads\/2025\/05\/9claudia-4-1-768x379.jpg 768w, https:\/\/elinformante.mx\/wp-content\/uploads\/2025\/05\/9claudia-4-1.jpg 1140w\" sizes=\"(max-width: 1024px) 100vw, 1024px\" \/><\/figure>\n\n\n\n<p>El secretario de Econom\u00eda, Marcelo Ebrard Casaub\u00f3n, puntualiz\u00f3 que el Acuerdo voluntario para el aumento de contenido nacional se implementar\u00e1 en los pr\u00f3ximos 90 d\u00edas y estar\u00e1 vigente durante los pr\u00f3ximos tres a\u00f1os, de 2025 a 2028.<br><\/p>\n\n\n\n<p>Agreg\u00f3 que se estima genere aproximadamente 400 mil empleos adicionales en el sector manufacturero e impulsar\u00e1 una mayor integraci\u00f3n de las peque\u00f1as y medianas empresas, ya que son quienes pueden producir, a corto plazo, la mayor\u00eda de los productos.<br><\/p>\n\n\n\n<p>Destac\u00f3 que, con este acuerdo, la presencia de productos Hechos en M\u00e9xico pasar\u00e1, en tiendas de autoservicio, del 50 al 70%; en tiendas departamentales, del 30 al 42%; en tiendas minoristas, del 50 al 70%; en farmacias del 40 al 55%; otros establecimientos del 20 al 28%, mientras que en plataformas digitales tendr\u00e1n una estrategia especial de promoci\u00f3n y comercializaci\u00f3n de productos nacionales y priorizar\u00e1 la visibilidad de los productos Hechos en M\u00e9xico.<br><\/p>\n\n\n\n<figure class=\"wp-block-image size-large\"><img decoding=\"async\" width=\"1024\" height=\"506\" src=\"https:\/\/elinformante.mx\/wp-content\/uploads\/2025\/05\/9claudia-3-1-1024x506.jpg\" alt=\"\" class=\"wp-image-83533\" srcset=\"https:\/\/elinformante.mx\/wp-content\/uploads\/2025\/05\/9claudia-3-1-1024x506.jpg 1024w, https:\/\/elinformante.mx\/wp-content\/uploads\/2025\/05\/9claudia-3-1-300x148.jpg 300w, https:\/\/elinformante.mx\/wp-content\/uploads\/2025\/05\/9claudia-3-1-768x379.jpg 768w, https:\/\/elinformante.mx\/wp-content\/uploads\/2025\/05\/9claudia-3-1.jpg 1140w\" sizes=\"(max-width: 1024px) 100vw, 1024px\" \/><\/figure>\n\n\n\n<p>Inform\u00f3 que, a partir del 9 de junio, habr\u00e1 una campa\u00f1a con dos vertientes la del Gobierno de M\u00e9xico y la visi\u00f3n de los empresarios, lo cual estar\u00e1 coordinado por el Consejo Coordinador Empresarial (CCE), para que, con ello, se incentive la compra de los productos nacionales.<br><\/p>\n\n\n\n<p>Anunci\u00f3 que, como parte de esta estrategia, tambi\u00e9n se llev\u00f3 a cabo un encuentro con la industria textil con compradores y exportadores que venden en M\u00e9xico, cerrando operaci\u00f3n por 55 millones de d\u00f3lares (mdd).<br><\/p>\n\n\n\n<p>Las 22 agrupaciones, representan a 28 empresas, firmantes del Acuerdo Voluntario para el Aumento de Contenido Nacional: Bizzarro, Chedraui, Casa Ley, Coppel, HEB, The Home Depot, La Comer, Fresco, City Market, Liverpool, Suburbia, OfficeMax, S-Mart, Soriana, Tiendas Extra, C\u00edrculo K, S\u00faper Kompras, Office Depot, Petco, Palacio de Hierro, Sears, Grupo Sanborns, Grupo Merza, Walmart, Oxxo M\u00e9xico, Mercado Libre, Amazon y 7- Eleven M\u00e9xico.<\/p>\n\n\n\n<figure class=\"wp-block-image size-large\"><img decoding=\"async\" width=\"1024\" height=\"506\" src=\"https:\/\/elinformante.mx\/wp-content\/uploads\/2025\/05\/9claudia-2-1-1024x506.jpg\" alt=\"\" class=\"wp-image-83534\" srcset=\"https:\/\/elinformante.mx\/wp-content\/uploads\/2025\/05\/9claudia-2-1-1024x506.jpg 1024w, https:\/\/elinformante.mx\/wp-content\/uploads\/2025\/05\/9claudia-2-1-300x148.jpg 300w, https:\/\/elinformante.mx\/wp-content\/uploads\/2025\/05\/9claudia-2-1-768x379.jpg 768w, https:\/\/elinformante.mx\/wp-content\/uploads\/2025\/05\/9claudia-2-1.jpg 1140w\" sizes=\"(max-width: 1024px) 100vw, 1024px\" \/><\/figure>\n","protected":false},"excerpt":{"rendered":"<p>-Forma parte del Plan M\u00e9xico y tiene como objetivo incrementar la presencia de los productos nacionales en tiendas departamentales y de venta de enseres-Entrar\u00e1 en funcionamiento en 90 d\u00edas y tendr\u00e1 una duraci\u00f3n de tres a\u00f1os, del 2025 al 2028 La Presidenta Claudia Sheinbaum Pardo inform\u00f3 que, como parte del Plan M\u00e9xico, ayer 14 de [&hellip;]<\/p>\n","protected":false},"author":1,"featured_media":83531,"comment_status":"closed","ping_status":"closed","sticky":false,"template":"","format":"standard","meta":{"footnotes":""},"categories":[30,34,31],"tags":[47],"class_list":["post-83530","post","type-post","status-publish","format-standard","has-post-thumbnail","hentry","category-destacado","category-nacional","category-portada","tag-portadanacional"],"_links":{"self":[{"href":"https:\/\/elinformante.mx\/index.php?rest_route=\/wp\/v2\/posts\/83530","targetHints":{"allow":["GET"]}}],"collection":[{"href":"https:\/\/elinformante.mx\/index.php?rest_route=\/wp\/v2\/posts"}],"about":[{"href":"https:\/\/elinformante.mx\/index.php?rest_route=\/wp\/v2\/types\/post"}],"author":[{"embeddable":true,"href":"https:\/\/elinformante.mx\/index.php?rest_route=\/wp\/v2\/users\/1"}],"replies":[{"embeddable":true,"href":"https:\/\/elinformante.mx\/index.php?rest_route=%2Fwp%2Fv2%2Fcomments&post=83530"}],"version-history":[{"count":0,"href":"https:\/\/elinformante.mx\/index.php?rest_route=\/wp\/v2\/posts\/83530\/revisions"}],"wp:featuredmedia":[{"embeddable":true,"href":"https:\/\/elinformante.mx\/index.php?rest_route=\/wp\/v2\/media\/83531"}],"wp:attachment":[{"href":"https:\/\/elinformante.mx\/index.php?rest_route=%2Fwp%2Fv2%2Fmedia&parent=83530"}],"wp:term":[{"taxonomy":"category","embeddable":true,"href":"https:\/\/elinformante.mx\/index.php?rest_route=%2Fwp%2Fv2%2Fcategories&post=83530"},{"taxonomy":"post_tag","embeddable":true,"href":"https:\/\/elinformante.mx\/index.php?rest_route=%2Fwp%2Fv2%2Ftags&post=83530"}],"curies":[{"name":"wp","href":"https:\/\/api.w.org\/{rel}","templated":true}]}}