{"id":83547,"date":"2025-05-19T06:07:50","date_gmt":"2025-05-19T12:07:50","guid":{"rendered":"https:\/\/elinformante.mx\/?p=83547"},"modified":"2025-05-19T06:07:51","modified_gmt":"2025-05-19T12:07:51","slug":"max-verstappen-por-fin-obtuvo-la-victoria-en-el-gp-de-emilia-romagna","status":"publish","type":"post","link":"https:\/\/elinformante.mx\/?p=83547","title":{"rendered":"Max Verstappen por fin obtuvo la victoria en el GP de Emilia-Romagna"},"content":{"rendered":"\n<figure class=\"wp-block-pullquote\"><blockquote><p>Cort\u00f3 la racha que el piloto Oscar Piastri ten\u00eda de tres triunfos al hilo.<\/p><\/blockquote><\/figure>\n\n\n\n<p class=\"has-drop-cap\">En esta ocasi\u00f3n el cu\u00e1druple campe\u00f3n del mundo, el neerland\u00e9s Max Verstappen de la escuder\u00eda Red Bull obtuvo la victoria ganando el Gran Premio de la Emilia-Romagna, el s\u00e9ptimo del Mundial de F1, disputado en el circuito de Imola, Italia;<br><\/p>\n\n\n\n<p>Durante la carrera n\u00famero 400 de su escuder\u00eda en la F\u00f3rmula 1, Verstappen, de 27 a\u00f1os, logr\u00f3 su sexag\u00e9sima quinta victoria en la categor\u00eda reina -la segunda de la temporada- al ganar en la m\u00edtica pista italiana por delante de los dos McLaren, el del ingl\u00e9s Lando Norris y el del australiano Oscar Piastri; que acab\u00f3 tercero y mantuvo el liderato en el Mundial.<br><\/p>\n\n\n\n<p>Piastri lidera ahora el campeonato con 146 puntos, trece m\u00e1s que Norris y con 22 de ventaja sobre Verstappen; diferencia con la que llegar\u00e1n al pr\u00f3ximo Gran Premio, el de M\u00f3naco, la pr\u00f3xima semana.<br><\/p>\n\n\n\n<p>Ahora el s\u00e9ptuple campe\u00f3n mundial ingl\u00e9s Lewis Hamilton de Ferrari avanz\u00f3 ocho puestos y concluy\u00f3 cuarto, justo por delante del tailand\u00e9s Alex Albon, nuevo compa\u00f1ero de Sainz.<br><\/p>\n\n\n\n<p>El monegasco Charles Leclerc fue sexto en el Aut\u00f3dromo Enzo e Dino Ferrari, donde el ingl\u00e9s George Russell (Mercedes) acab\u00f3 s\u00e9ptimo.<br><\/p>\n\n\n\n<p>Sainz, octavo, cruz\u00f3 la meta por delante de los otros dos pilotos que sumaron puntos en Imola: el debutante franc\u00e9s Isack Hadjar (RB) y el japon\u00e9s Yuki Tsunoda (Red Bull), que protagoniz\u00f3 la remontada del d\u00eda al acabar d\u00e9cimo tras haber tomado la salida desde el \u2018pit lane\u2019.<\/p>\n","protected":false},"excerpt":{"rendered":"<p>Cort\u00f3 la racha que el piloto Oscar Piastri ten\u00eda de tres triunfos al hilo. En esta ocasi\u00f3n el cu\u00e1druple campe\u00f3n del mundo, el neerland\u00e9s Max Verstappen de la escuder\u00eda Red Bull obtuvo la victoria ganando el Gran Premio de la Emilia-Romagna, el s\u00e9ptimo del Mundial de F1, disputado en el circuito de Imola, Italia; Durante [&hellip;]<\/p>\n","protected":false},"author":1,"featured_media":83548,"comment_status":"closed","ping_status":"closed","sticky":false,"template":"","format":"standard","meta":{"footnotes":""},"categories":[38],"tags":[],"class_list":["post-83547","post","type-post","status-publish","format-standard","has-post-thumbnail","hentry","category-deportes"],"_links":{"self":[{"href":"https:\/\/elinformante.mx\/index.php?rest_route=\/wp\/v2\/posts\/83547","targetHints":{"allow":["GET"]}}],"collection":[{"href":"https:\/\/elinformante.mx\/index.php?rest_route=\/wp\/v2\/posts"}],"about":[{"href":"https:\/\/elinformante.mx\/index.php?rest_route=\/wp\/v2\/types\/post"}],"author":[{"embeddable":true,"href":"https:\/\/elinformante.mx\/index.php?rest_route=\/wp\/v2\/users\/1"}],"replies":[{"embeddable":true,"href":"https:\/\/elinformante.mx\/index.php?rest_route=%2Fwp%2Fv2%2Fcomments&post=83547"}],"version-history":[{"count":0,"href":"https:\/\/elinformante.mx\/index.php?rest_route=\/wp\/v2\/posts\/83547\/revisions"}],"wp:featuredmedia":[{"embeddable":true,"href":"https:\/\/elinformante.mx\/index.php?rest_route=\/wp\/v2\/media\/83548"}],"wp:attachment":[{"href":"https:\/\/elinformante.mx\/index.php?rest_route=%2Fwp%2Fv2%2Fmedia&parent=83547"}],"wp:term":[{"taxonomy":"category","embeddable":true,"href":"https:\/\/elinformante.mx\/index.php?rest_route=%2Fwp%2Fv2%2Fcategories&post=83547"},{"taxonomy":"post_tag","embeddable":true,"href":"https:\/\/elinformante.mx\/index.php?rest_route=%2Fwp%2Fv2%2Ftags&post=83547"}],"curies":[{"name":"wp","href":"https:\/\/api.w.org\/{rel}","templated":true}]}}