{"id":83564,"date":"2025-05-19T06:20:45","date_gmt":"2025-05-19T12:20:45","guid":{"rendered":"https:\/\/elinformante.mx\/?p=83564"},"modified":"2025-05-19T06:20:47","modified_gmt":"2025-05-19T12:20:47","slug":"fernando-flores-asiste-al-inicio-del-pontificado-de-leon-xiv","status":"publish","type":"post","link":"https:\/\/elinformante.mx\/?p=83564","title":{"rendered":"Fernando Flores asiste al inicio del pontificado de Le\u00f3n XIV"},"content":{"rendered":"\n<figure class=\"wp-block-pullquote\"><blockquote><p>Se pudo establecer contacto con autoridades de alto nivel y consolidar la imagen internacional del municipio de Metepec.<\/p><\/blockquote><\/figure>\n\n\n\n<p class=\"has-drop-cap\">Desde El Vaticano, en Italia, el presidente municipal de Metepec, Fernando Flores Fern\u00e1ndez, inform\u00f3 mediante las redes sociales que se encontraba para ser testigo en el lugar del inicio del pontificado del Papa Le\u00f3n XIV.<br><\/p>\n\n\n\n<p>Se\u00f1al\u00f3 que estaba muy contento de haber sido invitado a esta ocasi\u00f3n tan solemne y reiter\u00f3 que durante su visita pedir\u00e1 en sus oraciones por el bienestar de todo los metepequenses.<br><\/p>\n\n\n\n<p>La Bas\u00edlica de San Pedro fue el escenario de una ceremonia hist\u00f3rica este domingo 18 de mayo. Robert Francis Prevost asumi\u00f3 oficialmente como el nuevo pont\u00edfice bajo el nombre de Le\u00f3n XIV, marcando el inicio de su pontificado ante miles de fieles y l\u00edderes mundiales.<br><\/p>\n\n\n\n<p>Fernando Flores Fern\u00e1ndez acudi\u00f3 a la ceremonia acompa\u00f1ado de su esposa Ira\u00ed Albarr\u00e1n Segura. Su presencia form\u00f3 parte de la delegaci\u00f3n mexicana que viaj\u00f3 a la Santa Sede para representar a distintos niveles de gobierno.<br><\/p>\n\n\n\n<p>En el evento pudo saludar a la secretaria de Gobernaci\u00f3n, Rosa Icela Rodr\u00edguez, quien asisti\u00f3 en representaci\u00f3n oficial del Gobierno de M\u00e9xico. Este breve encuentro fue una oportunidad para reafirmar la presencia institucional mexicana en el Vaticano.<br><\/p>\n\n\n\n<p>Flores Fern\u00e1ndez tambi\u00e9n pudo saludar a diversos l\u00edderes internacionales. Entre algunos de estos mandatarios pudo intercambiar saludos con el Rey Felipe VI y la reina Letizia de Espa\u00f1a, adem\u00e1s del presidente colombiano Gustavo Petro, a Paul Richard Gallagher, secretario para las relaciones con los Estados de la Santa Sede<br><\/p>\n\n\n\n<p>Mediantes estos intercambios breves, se pudo establecer contacto con autoridades de alto nivel y consolidar la imagen internacional del municipio de Metepec.<br><\/p>\n\n\n\n<p>Mediante su cuenta en redes sociales, Fernando Flores comparti\u00f3 algunas im\u00e1genes de la ceremonia. Las im\u00e1genes reflejan el ambiente solemne del evento y la participaci\u00f3n activa de la comitiva mexicana.<\/p>\n","protected":false},"excerpt":{"rendered":"<p>Se pudo establecer contacto con autoridades de alto nivel y consolidar la imagen internacional del municipio de Metepec. Desde El Vaticano, en Italia, el presidente municipal de Metepec, Fernando Flores Fern\u00e1ndez, inform\u00f3 mediante las redes sociales que se encontraba para ser testigo en el lugar del inicio del pontificado del Papa Le\u00f3n XIV. Se\u00f1al\u00f3 que [&hellip;]<\/p>\n","protected":false},"author":1,"featured_media":83565,"comment_status":"closed","ping_status":"closed","sticky":false,"template":"","format":"standard","meta":{"footnotes":""},"categories":[36],"tags":[],"class_list":["post-83564","post","type-post","status-publish","format-standard","has-post-thumbnail","hentry","category-edomex"],"_links":{"self":[{"href":"https:\/\/elinformante.mx\/index.php?rest_route=\/wp\/v2\/posts\/83564","targetHints":{"allow":["GET"]}}],"collection":[{"href":"https:\/\/elinformante.mx\/index.php?rest_route=\/wp\/v2\/posts"}],"about":[{"href":"https:\/\/elinformante.mx\/index.php?rest_route=\/wp\/v2\/types\/post"}],"author":[{"embeddable":true,"href":"https:\/\/elinformante.mx\/index.php?rest_route=\/wp\/v2\/users\/1"}],"replies":[{"embeddable":true,"href":"https:\/\/elinformante.mx\/index.php?rest_route=%2Fwp%2Fv2%2Fcomments&post=83564"}],"version-history":[{"count":0,"href":"https:\/\/elinformante.mx\/index.php?rest_route=\/wp\/v2\/posts\/83564\/revisions"}],"wp:featuredmedia":[{"embeddable":true,"href":"https:\/\/elinformante.mx\/index.php?rest_route=\/wp\/v2\/media\/83565"}],"wp:attachment":[{"href":"https:\/\/elinformante.mx\/index.php?rest_route=%2Fwp%2Fv2%2Fmedia&parent=83564"}],"wp:term":[{"taxonomy":"category","embeddable":true,"href":"https:\/\/elinformante.mx\/index.php?rest_route=%2Fwp%2Fv2%2Fcategories&post=83564"},{"taxonomy":"post_tag","embeddable":true,"href":"https:\/\/elinformante.mx\/index.php?rest_route=%2Fwp%2Fv2%2Ftags&post=83564"}],"curies":[{"name":"wp","href":"https:\/\/api.w.org\/{rel}","templated":true}]}}