{"id":83567,"date":"2025-05-19T06:23:00","date_gmt":"2025-05-19T12:23:00","guid":{"rendered":"https:\/\/elinformante.mx\/?p=83567"},"modified":"2025-05-19T06:23:04","modified_gmt":"2025-05-19T12:23:04","slug":"entrego-manuel-vilchis-canastas-alimentarias-a-familias-afectadas-del-barrio-del-coporo","status":"publish","type":"post","link":"https:\/\/elinformante.mx\/?p=83567","title":{"rendered":"Entreg\u00f3 Manuel Vilchis canastas alimentarias a familias afectadas del Barrio del C\u00f3poro"},"content":{"rendered":"\n<figure class=\"wp-block-pullquote\"><blockquote><p>Mencion\u00f3 que durante los festejos, compartieron momentos muy especiales, m\u00fasica, sonrisas y abrazos sinceros.<\/p><\/blockquote><\/figure>\n\n\n\n<p class=\"has-drop-cap\">El presidente municipal de Zinacantepec, Manuel Vilchis Viveros, inform\u00f3 sobre la entrega de canastas alimentarias a familias del Barrio del C\u00f3poro, quienes resultaron afectadas por los recientes incendios en la zona.<br><\/p>\n\n\n\n<p>Esta acci\u00f3n se llev\u00f3 a cabo gracias al apoyo de la Secretar\u00eda del Bienestar, en el evento se llev\u00f3 a cabo la distribuci\u00f3n de los apoyos alimentarios que buscan brindar alivio inmediato a las familias que enfrentaron p\u00e9rdidas o dificultades a causa de los incendios.<br><\/p>\n\n\n\n<p>De acuerdo a Vilchis Vivero esta iniciativa refleja el compromiso del Gobierno del Estado con el bienestar de la poblaci\u00f3n, priorizando la atenci\u00f3n a los sectores m\u00e1s vulnerables.<br><\/p>\n\n\n\n<p>Vilchis Viveros destac\u00f3 la importancia de la coordinaci\u00f3n entre el gobierno municipal y estatal para asegurar que las acciones de apoyo lleguen a quienes m\u00e1s lo necesitan.<br><\/p>\n\n\n\n<p>Se\u00f1al\u00f3 que este gesto solidario no solo brinda alivio a quienes m\u00e1s lo necesitan, sino que demuestra el compromiso permanente del Gobierno del Estado con el bienestar de nuestra gente.<br><\/p>\n\n\n\n<figure class=\"wp-block-image size-large\"><img fetchpriority=\"high\" decoding=\"async\" width=\"1024\" height=\"506\" src=\"https:\/\/elinformante.mx\/wp-content\/uploads\/2025\/05\/12zina-1-1024x506.jpg\" alt=\"\" class=\"wp-image-83569\" srcset=\"https:\/\/elinformante.mx\/wp-content\/uploads\/2025\/05\/12zina-1-1024x506.jpg 1024w, https:\/\/elinformante.mx\/wp-content\/uploads\/2025\/05\/12zina-1-300x148.jpg 300w, https:\/\/elinformante.mx\/wp-content\/uploads\/2025\/05\/12zina-1-768x379.jpg 768w, https:\/\/elinformante.mx\/wp-content\/uploads\/2025\/05\/12zina-1.jpg 1140w\" sizes=\"(max-width: 1024px) 100vw, 1024px\" \/><\/figure>\n\n\n\n<p>Reafirm\u00f3 el compromiso de su administraci\u00f3n para continuar trabajando de manera conjunta con las autoridades estatales, con el objetivo de extender las acciones de beneficio social a todos los rincones del municipio.<br><\/p>\n\n\n\n<p>Adem\u00e1s finaliz\u00f3 recordando que en Zinacantepec, seguir\u00e1n trabajando de manera coordinada y cercana para que las acciones lleguen a cada rinc\u00f3n, especialmente a quienes m\u00e1s lo requieren.<br><\/p>\n\n\n\n<p>Para finalizar con la celebraci\u00f3n por el D\u00eda de las Madres, termin\u00f3 su gira de trabajo festejando a las mamitas de San Luis Mextepec, La Loma I y II, Col. Emiliano Zapata, Col. Zimbrones, La Joya, Bosques de ICA, La Virgen, Sandara, El Porvenir, Majuelos, San Nicol\u00e1s, La Deportiva, Ojuelos y Nativitas.<br><\/p>\n\n\n\n<p>Manuel Vilchis mencion\u00f3 que durante los festejos, compartieron momentos muy especiales, m\u00fasica, sonrisas y abrazos sinceros.<br><\/p>\n\n\n\n<p>\u201cVer sus rostros iluminados de felicidad nos recuerda por qu\u00e9 vale tanto la pena trabajar por nuestras familias. Gracias por permitirnos celebrar con ustedes y por ser el pilar m\u00e1s fuerte en cada hogar\u201d.<\/p>\n","protected":false},"excerpt":{"rendered":"<p>Mencion\u00f3 que durante los festejos, compartieron momentos muy especiales, m\u00fasica, sonrisas y abrazos sinceros. El presidente municipal de Zinacantepec, Manuel Vilchis Viveros, inform\u00f3 sobre la entrega de canastas alimentarias a familias del Barrio del C\u00f3poro, quienes resultaron afectadas por los recientes incendios en la zona. Esta acci\u00f3n se llev\u00f3 a cabo gracias al apoyo de [&hellip;]<\/p>\n","protected":false},"author":1,"featured_media":83568,"comment_status":"closed","ping_status":"closed","sticky":false,"template":"","format":"standard","meta":{"footnotes":""},"categories":[30,36],"tags":[],"class_list":["post-83567","post","type-post","status-publish","format-standard","has-post-thumbnail","hentry","category-destacado","category-edomex"],"_links":{"self":[{"href":"https:\/\/elinformante.mx\/index.php?rest_route=\/wp\/v2\/posts\/83567","targetHints":{"allow":["GET"]}}],"collection":[{"href":"https:\/\/elinformante.mx\/index.php?rest_route=\/wp\/v2\/posts"}],"about":[{"href":"https:\/\/elinformante.mx\/index.php?rest_route=\/wp\/v2\/types\/post"}],"author":[{"embeddable":true,"href":"https:\/\/elinformante.mx\/index.php?rest_route=\/wp\/v2\/users\/1"}],"replies":[{"embeddable":true,"href":"https:\/\/elinformante.mx\/index.php?rest_route=%2Fwp%2Fv2%2Fcomments&post=83567"}],"version-history":[{"count":0,"href":"https:\/\/elinformante.mx\/index.php?rest_route=\/wp\/v2\/posts\/83567\/revisions"}],"wp:featuredmedia":[{"embeddable":true,"href":"https:\/\/elinformante.mx\/index.php?rest_route=\/wp\/v2\/media\/83568"}],"wp:attachment":[{"href":"https:\/\/elinformante.mx\/index.php?rest_route=%2Fwp%2Fv2%2Fmedia&parent=83567"}],"wp:term":[{"taxonomy":"category","embeddable":true,"href":"https:\/\/elinformante.mx\/index.php?rest_route=%2Fwp%2Fv2%2Fcategories&post=83567"},{"taxonomy":"post_tag","embeddable":true,"href":"https:\/\/elinformante.mx\/index.php?rest_route=%2Fwp%2Fv2%2Ftags&post=83567"}],"curies":[{"name":"wp","href":"https:\/\/api.w.org\/{rel}","templated":true}]}}