{"id":83582,"date":"2025-05-19T06:32:35","date_gmt":"2025-05-19T12:32:35","guid":{"rendered":"https:\/\/elinformante.mx\/?p=83582"},"modified":"2025-05-19T06:32:38","modified_gmt":"2025-05-19T12:32:38","slug":"isidro-rogel-reconoce-labor-docente-en-la-uaemex-hace-llamado-a-escuchar-a-la-comunidad-estudiantil","status":"publish","type":"post","link":"https:\/\/elinformante.mx\/?p=83582","title":{"rendered":"Isidro Rogel reconoce labor docente en la UAEM\u00e9x; hace llamado a escuchar a la comunidad estudiantil"},"content":{"rendered":"\n<figure class=\"wp-block-pullquote\"><blockquote><p>Agradeci\u00f3 el esfuerzo constante que implica la labor docente, tanto en el aula como en la preparaci\u00f3n de clases.<\/p><\/blockquote><\/figure>\n\n\n\n<p class=\"has-drop-cap\">Isidro Rogel Fajardo, el encargado de despacho de la Rector\u00eda de la UAEM\u00e9x, reconoci\u00f3 p\u00fablicamente el compromiso y la labor diaria del personal docente en todos los niveles educativos de la instituci\u00f3n, desde el bachillerato hasta el posgrado.<br><\/p>\n\n\n\n<p>Expres\u00f3 que reconoce el trabajo que realizan cotidianamente en las aulas, en los diferentes niveles de educaci\u00f3n en nuestra universidad. Y reafirm\u00f3 que cuando no est\u00e1n dando clases, se encuentran preparando nuestras actividades docentes.<br><\/p>\n\n\n\n<p>Rogel Fajardo convoc\u00f3 al cuerpo docente a sumarse a una escucha activa de las demandas del estudiantado, al considerar que es fundamental mantener canales de comunicaci\u00f3n abiertos para atender sus inquietudes.<br><\/p>\n\n\n\n<p>Expres\u00f3 su confianza en que la voluntad mostrada por la Comisi\u00f3n Especial para el Di\u00e1logo facilitar\u00e1 un acercamiento con el movimiento estudiantil, con el objetivo de revisar y atender sus pliegos petitorios.<br><\/p>\n\n\n\n<p>Adem\u00e1s hizo un llamado a la unidad, al compromiso institucional y al fortalecimiento del di\u00e1logo cobra especial relevancia entre la comunidad universitaria.<br><\/p>\n\n\n\n<p>El rector interino agradeci\u00f3 el esfuerzo constante que implica la labor docente, tanto en el aula como en la preparaci\u00f3n de clases, dise\u00f1o de materiales y actualizaci\u00f3n acad\u00e9mica, \u201choy m\u00e1s que nunca debemos hacer la parte que nos corresponde por la UAEM\u00e9x\u201d.<\/p>\n","protected":false},"excerpt":{"rendered":"<p>Agradeci\u00f3 el esfuerzo constante que implica la labor docente, tanto en el aula como en la preparaci\u00f3n de clases. Isidro Rogel Fajardo, el encargado de despacho de la Rector\u00eda de la UAEM\u00e9x, reconoci\u00f3 p\u00fablicamente el compromiso y la labor diaria del personal docente en todos los niveles educativos de la instituci\u00f3n, desde el bachillerato hasta [&hellip;]<\/p>\n","protected":false},"author":1,"featured_media":83583,"comment_status":"closed","ping_status":"closed","sticky":false,"template":"","format":"standard","meta":{"footnotes":""},"categories":[30,36],"tags":[],"class_list":["post-83582","post","type-post","status-publish","format-standard","has-post-thumbnail","hentry","category-destacado","category-edomex"],"_links":{"self":[{"href":"https:\/\/elinformante.mx\/index.php?rest_route=\/wp\/v2\/posts\/83582","targetHints":{"allow":["GET"]}}],"collection":[{"href":"https:\/\/elinformante.mx\/index.php?rest_route=\/wp\/v2\/posts"}],"about":[{"href":"https:\/\/elinformante.mx\/index.php?rest_route=\/wp\/v2\/types\/post"}],"author":[{"embeddable":true,"href":"https:\/\/elinformante.mx\/index.php?rest_route=\/wp\/v2\/users\/1"}],"replies":[{"embeddable":true,"href":"https:\/\/elinformante.mx\/index.php?rest_route=%2Fwp%2Fv2%2Fcomments&post=83582"}],"version-history":[{"count":0,"href":"https:\/\/elinformante.mx\/index.php?rest_route=\/wp\/v2\/posts\/83582\/revisions"}],"wp:featuredmedia":[{"embeddable":true,"href":"https:\/\/elinformante.mx\/index.php?rest_route=\/wp\/v2\/media\/83583"}],"wp:attachment":[{"href":"https:\/\/elinformante.mx\/index.php?rest_route=%2Fwp%2Fv2%2Fmedia&parent=83582"}],"wp:term":[{"taxonomy":"category","embeddable":true,"href":"https:\/\/elinformante.mx\/index.php?rest_route=%2Fwp%2Fv2%2Fcategories&post=83582"},{"taxonomy":"post_tag","embeddable":true,"href":"https:\/\/elinformante.mx\/index.php?rest_route=%2Fwp%2Fv2%2Ftags&post=83582"}],"curies":[{"name":"wp","href":"https:\/\/api.w.org\/{rel}","templated":true}]}}