{"id":83588,"date":"2025-05-19T06:37:43","date_gmt":"2025-05-19T12:37:43","guid":{"rendered":"https:\/\/elinformante.mx\/?p=83588"},"modified":"2025-05-19T06:37:46","modified_gmt":"2025-05-19T12:37:46","slug":"anuncian-en-edomex-protocolo-mochila-de-paz-y-prevencion","status":"publish","type":"post","link":"https:\/\/elinformante.mx\/?p=83588","title":{"rendered":"Anuncian en Edom\u00e9x protocolo \u201cMochila de Paz y Prevenci\u00f3n\u201d"},"content":{"rendered":"\n<figure class=\"wp-block-pullquote\"><blockquote><p>-Busca salvaguardar la integridad f\u00edsica y emocional del alumnado en escuelas de nivel b\u00e1sico y medio superior, con un enfoque preventivo y de derechos humanos.<\/p><\/blockquote><\/figure>\n\n\n\n<p class=\"has-drop-cap\">Para garantizar espacios educativos seguros, arm\u00f3nicos y libres de violencia, el Gobierno del Estado de M\u00e9xico emiti\u00f3 el Protocolo Mochila de Paz y Prevenci\u00f3n para Escuelas de Nivel B\u00e1sico y Medio Superior, el cual plantea que las revisiones de mochilas se lleven a cabo de forma consensuada y con la participaci\u00f3n de madres, padres o tutores.<br><\/p>\n\n\n\n<p>El documento t\u00e9cnico y jur\u00eddico, elaborado por la Secretar\u00eda de Educaci\u00f3n, Ciencia, Tecnolog\u00eda e Innovaci\u00f3n (SECTI) en coordinaci\u00f3n con la Comisi\u00f3n de Derechos Humanos del Estado de M\u00e9xico (CODHEM) establece directrices para salvaguardar la integridad f\u00edsica y emocional del alumnado, en estricto apego a los derechos humanos.<br><\/p>\n\n\n\n<p>Esta acci\u00f3n se llevar\u00e1 a cabo evitando pr\u00e1cticas intrusivas y priorizando el acompa\u00f1amiento pedag\u00f3gico. Adem\u00e1s, propone criterios para detectar oportunamente objetos o sustancias que puedan poner en riesgo a la comunidad escolar.<br><\/p>\n\n\n\n<p>\u201cCon la adopci\u00f3n del Protocolo Mochila de Paz, que atiende al sentido humanista de la Nueva Escuela Mexicana, se prev\u00e9 que ni\u00f1as, ni\u00f1os, adolescentes y j\u00f3venes logren su desarrollo integral tanto en su entorno escolar como social\u201d, afirm\u00f3 Miguel \u00c1ngel Hern\u00e1ndez Espejel, titular de la SECTI.<br><\/p>\n\n\n\n<p>La implementaci\u00f3n estar\u00e1 a cargo del Consejo Escolar para el Bienestar (Conebi) con acciones de capacitaci\u00f3n y sensibilizaci\u00f3n al personal docente y administrativo; asimismo, las coordinaciones regionales de Educaci\u00f3n B\u00e1sica y Media Superior ser\u00e1n responsables de distribuir el protocolo a todos los planteles del sistema estatal, tanto p\u00fablicos como privados.<br><\/p>\n\n\n\n<p>Con esta acci\u00f3n, el Gobierno del Estado de M\u00e9xico reafirma su compromiso con la educaci\u00f3n como motor de transformaci\u00f3n social y avanza hacia la construcci\u00f3n de comunidades escolares m\u00e1s justas, pac\u00edficas e incluyentes, donde el bienestar de la ni\u00f1ez y juventud es una prioridad.<\/p>\n","protected":false},"excerpt":{"rendered":"<p>-Busca salvaguardar la integridad f\u00edsica y emocional del alumnado en escuelas de nivel b\u00e1sico y medio superior, con un enfoque preventivo y de derechos humanos. Para garantizar espacios educativos seguros, arm\u00f3nicos y libres de violencia, el Gobierno del Estado de M\u00e9xico emiti\u00f3 el Protocolo Mochila de Paz y Prevenci\u00f3n para Escuelas de Nivel B\u00e1sico y [&hellip;]<\/p>\n","protected":false},"author":1,"featured_media":83589,"comment_status":"closed","ping_status":"closed","sticky":false,"template":"","format":"standard","meta":{"footnotes":""},"categories":[30,36],"tags":[],"class_list":["post-83588","post","type-post","status-publish","format-standard","has-post-thumbnail","hentry","category-destacado","category-edomex"],"_links":{"self":[{"href":"https:\/\/elinformante.mx\/index.php?rest_route=\/wp\/v2\/posts\/83588","targetHints":{"allow":["GET"]}}],"collection":[{"href":"https:\/\/elinformante.mx\/index.php?rest_route=\/wp\/v2\/posts"}],"about":[{"href":"https:\/\/elinformante.mx\/index.php?rest_route=\/wp\/v2\/types\/post"}],"author":[{"embeddable":true,"href":"https:\/\/elinformante.mx\/index.php?rest_route=\/wp\/v2\/users\/1"}],"replies":[{"embeddable":true,"href":"https:\/\/elinformante.mx\/index.php?rest_route=%2Fwp%2Fv2%2Fcomments&post=83588"}],"version-history":[{"count":0,"href":"https:\/\/elinformante.mx\/index.php?rest_route=\/wp\/v2\/posts\/83588\/revisions"}],"wp:featuredmedia":[{"embeddable":true,"href":"https:\/\/elinformante.mx\/index.php?rest_route=\/wp\/v2\/media\/83589"}],"wp:attachment":[{"href":"https:\/\/elinformante.mx\/index.php?rest_route=%2Fwp%2Fv2%2Fmedia&parent=83588"}],"wp:term":[{"taxonomy":"category","embeddable":true,"href":"https:\/\/elinformante.mx\/index.php?rest_route=%2Fwp%2Fv2%2Fcategories&post=83588"},{"taxonomy":"post_tag","embeddable":true,"href":"https:\/\/elinformante.mx\/index.php?rest_route=%2Fwp%2Fv2%2Ftags&post=83588"}],"curies":[{"name":"wp","href":"https:\/\/api.w.org\/{rel}","templated":true}]}}