{"id":83660,"date":"2025-05-20T05:44:39","date_gmt":"2025-05-20T11:44:39","guid":{"rendered":"https:\/\/elinformante.mx\/?p=83660"},"modified":"2025-05-20T05:46:44","modified_gmt":"2025-05-20T11:46:44","slug":"sorprende-cambio-fisico-de-guillermo-de-toro-en-cannes-2025","status":"publish","type":"post","link":"https:\/\/elinformante.mx\/?p=83660","title":{"rendered":"Sorprende cambio f\u00edsico de Guillermo del Toro en Cannes 2025"},"content":{"rendered":"\n<figure class=\"wp-block-pullquote\"><blockquote><p>Fue captado luciendo m\u00e1s delgado, con un semblante rejuvenecido y una energ\u00eda que encant\u00f3 a los asistentes.<\/p><\/blockquote><\/figure>\n\n\n\n<p class=\"has-drop-cap\">En su m\u00e1s reciente aparici\u00f3n en el Festival de Cine de Cannes, el reconocido cineasta mexicano Guillermo del Toro sorprendi\u00f3 a sus seguidores no solo por su carisma, tambi\u00e9n con un notorio cambio f\u00edsico que no pas\u00f3 desapercibido en redes sociales.<br><\/p>\n\n\n\n<p>Del Toro asisti\u00f3 al festival, donde fue captado luciendo m\u00e1s delgado, con un semblante rejuvenecido y una energ\u00eda que encant\u00f3 a los asistentes.<br><\/p>\n\n\n\n<p>Durante su intervenci\u00f3n en Cannes, Guillermo del Toro comparti\u00f3 una de las reflexiones m\u00e1s destacadas del festival: \u201cTenemos que permitirnos tener emociones, el arte es emotivo, soy mexicano y soy extremadamente sentimental, la emoci\u00f3n es el nuevo punk, es algo a lo que la gente no se arriesga, pero nosotros s\u00ed nos arriesgamos\u201d, afirm\u00f3 como si de una declaraci\u00f3n de intenciones se tratara.<br><\/p>\n\n\n\n<p>Los comentarios surgieron en el contexto de su conversaci\u00f3n con Desplat sobre la importancia de la m\u00fasica en el cine, en especial en sus colaboraciones para \u201cLa forma del agua\u201d (2017), \u201cPinocho\u201d (2022) y su pr\u00f3xima cinta, \u201cFrankenstein\u201d.<br><\/p>\n\n\n\n<p>Respecto a esta nueva pel\u00edcula, el compositor franc\u00e9s explic\u00f3: \u201cEl cine Guillermo es muy l\u00edrico y Mary Shelley, la autora de \u2018Frankenstein\u2019, tambi\u00e9n, as\u00ed que la m\u00fasica de Frankenstein ser\u00e1 muy l\u00edrica y sentimental, no estoy escribiendo m\u00fasica de terror\u201d.<br><\/p>\n\n\n\n<p>Del Toro adelant\u00f3 que la cinta protagonizada por Oscar Isaac se trata de una historia sentimental para \u00e9l, y aclar\u00f3 que nunca ha pretendido hacer una pel\u00edcula de miedo, aunque dijo que de tanto pregunt\u00e1rselo la gente, igual se lo piensa mejor.<br><\/p>\n\n\n\n<p>Defendi\u00f3 una visi\u00f3n m\u00e1s humana del personaje: \u201cFrankenstein no es un monstruo, como se le ha mostrado en ocasiones anteriores, la percepci\u00f3n que tenemos de \u00e9l es por el hecho de que la gente mira a los otros de manera incorrecta\u201d.<br><\/p>\n\n\n\n<p>Esta ser\u00e1 la tercera colaboraci\u00f3n entre Del Toro y Desplat, y seg\u00fan el director mexicano, es con \u00e9l con quien vive una experiencia distinta en la m\u00fasica para cine:<br><\/p>\n\n\n\n<p>Ambos coincidieron en que la m\u00fasica debe emocionar. Del Toro recalc\u00f3: \u201cla m\u00fasica es el \u00fanico momento de la producci\u00f3n de un filme en el que se sorprende\u201d, y que disfruta escuchar lo que nace de esa colaboraci\u00f3n.<br><\/p>\n\n\n\n<p>Del Toro tambi\u00e9n profundiz\u00f3 sobre su amor por la m\u00fasica y c\u00f3mo esta influye directamente en su cine: \u201cAmo la m\u00fasica\u201d, se\u00f1al\u00f3 rotundo, asegurando que \u201cel 90 por ciento de lo que escucha son bandas sonoras\u201d.<br><\/p>\n\n\n\n<p>Mientras Del Toro hablaba con honestidad y sensibilidad sobre sus procesos art\u00edsticos, su aspecto renovado tambi\u00e9n fue tema de conversaci\u00f3n. Para muchos, este cambio f\u00edsico va de la mano con su esencia creativa, abierta a la transformaci\u00f3n y al riesgo emocional.<br><\/p>\n\n\n\n<p>El director concluy\u00f3 con una frase que resume su visi\u00f3n del cine: \u201cLa c\u00e1mara se mueve como una ola y captura el sentimiento, la pel\u00edcula trata de hablar y su voz llega con la m\u00fasica\u201d.<br><\/p>\n\n\n\n<p>Guillermo del Toro reafirm\u00f3 su lugar como un creador que no teme al sentimiento, a la belleza, ni a la evoluci\u00f3n. Y eso, tanto en su obra como en su vida, es lo que m\u00e1s celebran sus fans.<\/p>\n","protected":false},"excerpt":{"rendered":"<p>Fue captado luciendo m\u00e1s delgado, con un semblante rejuvenecido y una energ\u00eda que encant\u00f3 a los asistentes. En su m\u00e1s reciente aparici\u00f3n en el Festival de Cine de Cannes, el reconocido cineasta mexicano Guillermo del Toro sorprendi\u00f3 a sus seguidores no solo por su carisma, tambi\u00e9n con un notorio cambio f\u00edsico que no pas\u00f3 desapercibido [&hellip;]<\/p>\n","protected":false},"author":1,"featured_media":83661,"comment_status":"closed","ping_status":"closed","sticky":false,"template":"","format":"standard","meta":{"footnotes":""},"categories":[30,39],"tags":[],"class_list":["post-83660","post","type-post","status-publish","format-standard","has-post-thumbnail","hentry","category-destacado","category-espectaculos"],"_links":{"self":[{"href":"https:\/\/elinformante.mx\/index.php?rest_route=\/wp\/v2\/posts\/83660","targetHints":{"allow":["GET"]}}],"collection":[{"href":"https:\/\/elinformante.mx\/index.php?rest_route=\/wp\/v2\/posts"}],"about":[{"href":"https:\/\/elinformante.mx\/index.php?rest_route=\/wp\/v2\/types\/post"}],"author":[{"embeddable":true,"href":"https:\/\/elinformante.mx\/index.php?rest_route=\/wp\/v2\/users\/1"}],"replies":[{"embeddable":true,"href":"https:\/\/elinformante.mx\/index.php?rest_route=%2Fwp%2Fv2%2Fcomments&post=83660"}],"version-history":[{"count":0,"href":"https:\/\/elinformante.mx\/index.php?rest_route=\/wp\/v2\/posts\/83660\/revisions"}],"wp:featuredmedia":[{"embeddable":true,"href":"https:\/\/elinformante.mx\/index.php?rest_route=\/wp\/v2\/media\/83661"}],"wp:attachment":[{"href":"https:\/\/elinformante.mx\/index.php?rest_route=%2Fwp%2Fv2%2Fmedia&parent=83660"}],"wp:term":[{"taxonomy":"category","embeddable":true,"href":"https:\/\/elinformante.mx\/index.php?rest_route=%2Fwp%2Fv2%2Fcategories&post=83660"},{"taxonomy":"post_tag","embeddable":true,"href":"https:\/\/elinformante.mx\/index.php?rest_route=%2Fwp%2Fv2%2Ftags&post=83660"}],"curies":[{"name":"wp","href":"https:\/\/api.w.org\/{rel}","templated":true}]}}