{"id":83669,"date":"2025-05-20T05:49:42","date_gmt":"2025-05-20T11:49:42","guid":{"rendered":"https:\/\/elinformante.mx\/?p=83669"},"modified":"2025-05-20T05:49:44","modified_gmt":"2025-05-20T11:49:44","slug":"mexico-es-favorito-para-ganar-la-copa-oro-javier-aguirre","status":"publish","type":"post","link":"https:\/\/elinformante.mx\/?p=83669","title":{"rendered":"\u201cM\u00e9xico es favorito para ganar la Copa Oro\u201d: Javier Aguirre"},"content":{"rendered":"\n<figure class=\"wp-block-pullquote\"><blockquote><p>Adem\u00e1s se\u00f1al\u00f3 que ser\u00e1 complicado conformar su equipo de cara al Mundial de Clubes.<\/p><\/blockquote><\/figure>\n\n\n\n<p class=\"has-drop-cap\">El director t\u00e9cnico de la Selecci\u00f3n Mexicana, Javier Aguirre, previo al arranque de la Copa Oro este pr\u00f3ximo 14 de junio, mencion\u00f3 que tiene como reto, asumir que el seleccionado parte como favorito para ganar el campeonato. Sin embargo pidi\u00f3 no subestimar el crecimiento de sus rivales de zona.<br><\/p>\n\n\n\n<p>Aguirre destac\u00f3 ser favoritos, porque as\u00ed lo indican los n\u00fameros, no reh\u00fayen el hecho de afrontar el torneo como favoritos. Pero tambi\u00e9n se deben de jugar estos torneos para ganarlos. Centroam\u00e9rica ha crecido much\u00edsimo y lo mismo el resto de los equipos en Concacaf.<br><\/p>\n\n\n\n<p>Ahora es importante recordar que el Mundial de Clubes que se llevar\u00e1 a cabo en Estados Unidos, y tambi\u00e9n dar\u00e1 el banderazo el pr\u00f3ximo 14 de junio, por lo que el Vasco Aguirre reconoci\u00f3 que ser\u00e1 complicado conformar su plantilla sin los elementos de dichos clubes y sus posibles refuerzos.<br><\/p>\n\n\n\n<p>Afirm\u00f3 que este Mundial de Clubes afectar\u00e1, sobre todo si se llevan a alg\u00fan jugador como refuerzo. \u201cAfecta en cuesti\u00f3n de nuestra planificaci\u00f3n. No va a ser f\u00e1cil, hay que armar un rompecabezas. Tenemos el apoyo de la sub-20, pero estamos un poco apurados\u201d.<br><\/p>\n\n\n\n<p>Tambi\u00e9n mencion\u00f3 la enorme participaci\u00f3n del entrenador mexicano Miguel Herrera al frente de la selecci\u00f3n de Costa Rica, Javier Aguirre aplaudi\u00f3 el hecho de que el \u2018Piojo\u2019 haya optado por aceptar el reto internacional. Esto a la par de destacar que Herrera le aportar\u00e1 experiencia al cuadro tico.<br><\/p>\n\n\n\n<p>\u201cEs motivo de orgullo que Miguel (Herrera) haya impulsado su carrera fuera del pa\u00eds. Va a ser un lindo reto. Espero a la Costa Rica de siempre, un equipo aguerrido y con calidad individual. Ojal\u00e1 Miguel pueda convencer a Keylor (Navas) de regresar\u201d.<br><\/p>\n\n\n\n<p>Pero Javier Aguirre tambi\u00e9n se tom\u00f3 un momento para elogiar a su contraparte en la selecci\u00f3n de Estados Unidos, Mauricio Pochettino, a quien sustituy\u00f3 en el Espanyol de Barcelona en 2013. El Vasco mencion\u00f3 que el estratega argentino y sus dirigidos ser\u00e1n un rival complicado en la Copa Oro.<br><\/p>\n\n\n\n<p>Aguirre tambi\u00e9n revel\u00f3 haber conversado con el pr\u00f3ximo entrenador de la selecci\u00f3n de Brasil y leyenda del Real Madrid, Carlo Ancelotti, a quien felicit\u00f3 por su siguiente etapa como t\u00e9cnico. Esto adem\u00e1s de mencionar que a\u00fan no tiene una plantilla definitiva para el Mundial.<\/p>\n\n\n\n<p><\/p>\n","protected":false},"excerpt":{"rendered":"<p>Adem\u00e1s se\u00f1al\u00f3 que ser\u00e1 complicado conformar su equipo de cara al Mundial de Clubes. El director t\u00e9cnico de la Selecci\u00f3n Mexicana, Javier Aguirre, previo al arranque de la Copa Oro este pr\u00f3ximo 14 de junio, mencion\u00f3 que tiene como reto, asumir que el seleccionado parte como favorito para ganar el campeonato. Sin embargo pidi\u00f3 no [&hellip;]<\/p>\n","protected":false},"author":1,"featured_media":83670,"comment_status":"closed","ping_status":"closed","sticky":false,"template":"","format":"standard","meta":{"footnotes":""},"categories":[38,30],"tags":[],"class_list":["post-83669","post","type-post","status-publish","format-standard","has-post-thumbnail","hentry","category-deportes","category-destacado"],"_links":{"self":[{"href":"https:\/\/elinformante.mx\/index.php?rest_route=\/wp\/v2\/posts\/83669","targetHints":{"allow":["GET"]}}],"collection":[{"href":"https:\/\/elinformante.mx\/index.php?rest_route=\/wp\/v2\/posts"}],"about":[{"href":"https:\/\/elinformante.mx\/index.php?rest_route=\/wp\/v2\/types\/post"}],"author":[{"embeddable":true,"href":"https:\/\/elinformante.mx\/index.php?rest_route=\/wp\/v2\/users\/1"}],"replies":[{"embeddable":true,"href":"https:\/\/elinformante.mx\/index.php?rest_route=%2Fwp%2Fv2%2Fcomments&post=83669"}],"version-history":[{"count":0,"href":"https:\/\/elinformante.mx\/index.php?rest_route=\/wp\/v2\/posts\/83669\/revisions"}],"wp:featuredmedia":[{"embeddable":true,"href":"https:\/\/elinformante.mx\/index.php?rest_route=\/wp\/v2\/media\/83670"}],"wp:attachment":[{"href":"https:\/\/elinformante.mx\/index.php?rest_route=%2Fwp%2Fv2%2Fmedia&parent=83669"}],"wp:term":[{"taxonomy":"category","embeddable":true,"href":"https:\/\/elinformante.mx\/index.php?rest_route=%2Fwp%2Fv2%2Fcategories&post=83669"},{"taxonomy":"post_tag","embeddable":true,"href":"https:\/\/elinformante.mx\/index.php?rest_route=%2Fwp%2Fv2%2Ftags&post=83669"}],"curies":[{"name":"wp","href":"https:\/\/api.w.org\/{rel}","templated":true}]}}