{"id":83675,"date":"2025-05-20T05:55:54","date_gmt":"2025-05-20T11:55:54","guid":{"rendered":"https:\/\/elinformante.mx\/?p=83675"},"modified":"2025-05-20T05:55:58","modified_gmt":"2025-05-20T11:55:58","slug":"omar-ulises-n-es-vinculado-a-proceso-despues-de-un-cateo-en-un-inmueble-en-ecatepec","status":"publish","type":"post","link":"https:\/\/elinformante.mx\/?p=83675","title":{"rendered":"Omar Ulises \u201cN\u201d es vinculado a proceso despu\u00e9s de un cateo en un inmueble en Ecatepec"},"content":{"rendered":"\n<figure class=\"wp-block-pullquote\"><blockquote><p>El detenido al parecer era integrante de un grupo delictivo con or\u00edgenes en una regi\u00f3n de la Ciudad de M\u00e9xico.<\/p><\/blockquote><\/figure>\n\n\n\n<p class=\"has-drop-cap\">Un individuo identificado como Omar Ulises \u201cN\u201d, quien fue detenido hace unos d\u00edas mediante ejecuci\u00f3n de t\u00e9cnica de investigaci\u00f3n de cateo en un inmueble en el municipio de Ecatepec, donde adem\u00e1s fueron asegurados 37 kilogramos de narc\u00f3ticos, fue vinculado a proceso, luego de que la Fiscal\u00eda General de Justicia del Estado de M\u00e9xico (FGJEM) acredit\u00f3 su probable intervenci\u00f3n en este il\u00edcito.<br><\/p>\n\n\n\n<p>El Agente del Ministerio P\u00fablico solicit\u00f3 a la Autoridad Judicial librar orden de cateo para un domicilio ubicado en la calle Cerrada de San Fernando, en la colonia Valle de Arag\u00f3n, Tercera Secci\u00f3n, en el municipio de Ecatepec, identificado como punto de venta de droga.<br><\/p>\n\n\n\n<p>Elementos de la SSPC, as\u00ed como Guardia Nacional se trasladaron al inmueble, donde fueron aseguradas cajas, bolsas, recipientes, contenedores tipo \u201chieleras\u201d y envoltorios con narc\u00f3ticos como hierba verde con las caracter\u00edsticas de la marihuana, coca\u00edna y metanfetamina, con un peso aproximado de 37 kilogramos.<br><\/p>\n\n\n\n<p>Tambi\u00e9n se aseguraron b\u00e1sculas, un arma de fuego de fabricaci\u00f3n artesanal, cartuchos \u00fatiles, as\u00ed como aparatos telef\u00f3nicos y fue detenido Omar Ulises \u201cN\u201d, de 22 a\u00f1os, por delitos contra la salud, as\u00ed como portaci\u00f3n, tr\u00e1fico y acopio de armas prohibidas, por lo que fue presentado ante el Representante Social, quien inici\u00f3 una indagatoria.<br><\/p>\n\n\n\n<p>Este sujeto fue puesto a disposici\u00f3n del \u00d3rgano Jurisdiccional en el Centro Penitenciario y de Reinserci\u00f3n Social de la zona, quien determin\u00f3 vincularlo a proceso, con medida cautelar de prisi\u00f3n preventiva, adem\u00e1s la Autoridad Judicial declin\u00f3 competencia a un Juez federal por ser materia de su competencia.<\/p>\n","protected":false},"excerpt":{"rendered":"<p>El detenido al parecer era integrante de un grupo delictivo con or\u00edgenes en una regi\u00f3n de la Ciudad de M\u00e9xico. Un individuo identificado como Omar Ulises \u201cN\u201d, quien fue detenido hace unos d\u00edas mediante ejecuci\u00f3n de t\u00e9cnica de investigaci\u00f3n de cateo en un inmueble en el municipio de Ecatepec, donde adem\u00e1s fueron asegurados 37 kilogramos [&hellip;]<\/p>\n","protected":false},"author":1,"featured_media":83676,"comment_status":"closed","ping_status":"closed","sticky":false,"template":"","format":"standard","meta":{"footnotes":""},"categories":[36,37],"tags":[],"class_list":["post-83675","post","type-post","status-publish","format-standard","has-post-thumbnail","hentry","category-edomex","category-justicia"],"_links":{"self":[{"href":"https:\/\/elinformante.mx\/index.php?rest_route=\/wp\/v2\/posts\/83675","targetHints":{"allow":["GET"]}}],"collection":[{"href":"https:\/\/elinformante.mx\/index.php?rest_route=\/wp\/v2\/posts"}],"about":[{"href":"https:\/\/elinformante.mx\/index.php?rest_route=\/wp\/v2\/types\/post"}],"author":[{"embeddable":true,"href":"https:\/\/elinformante.mx\/index.php?rest_route=\/wp\/v2\/users\/1"}],"replies":[{"embeddable":true,"href":"https:\/\/elinformante.mx\/index.php?rest_route=%2Fwp%2Fv2%2Fcomments&post=83675"}],"version-history":[{"count":0,"href":"https:\/\/elinformante.mx\/index.php?rest_route=\/wp\/v2\/posts\/83675\/revisions"}],"wp:featuredmedia":[{"embeddable":true,"href":"https:\/\/elinformante.mx\/index.php?rest_route=\/wp\/v2\/media\/83676"}],"wp:attachment":[{"href":"https:\/\/elinformante.mx\/index.php?rest_route=%2Fwp%2Fv2%2Fmedia&parent=83675"}],"wp:term":[{"taxonomy":"category","embeddable":true,"href":"https:\/\/elinformante.mx\/index.php?rest_route=%2Fwp%2Fv2%2Fcategories&post=83675"},{"taxonomy":"post_tag","embeddable":true,"href":"https:\/\/elinformante.mx\/index.php?rest_route=%2Fwp%2Fv2%2Ftags&post=83675"}],"curies":[{"name":"wp","href":"https:\/\/api.w.org\/{rel}","templated":true}]}}