{"id":83681,"date":"2025-05-20T06:01:02","date_gmt":"2025-05-20T12:01:02","guid":{"rendered":"https:\/\/elinformante.mx\/?p=83681"},"modified":"2025-05-20T06:01:03","modified_gmt":"2025-05-20T12:01:03","slug":"ascenso-a-la-piramide-de-la-luna-en-teotihuacan-es-reabierto","status":"publish","type":"post","link":"https:\/\/elinformante.mx\/?p=83681","title":{"rendered":"Ascenso a la Pir\u00e1mide de la Luna en Teotihuac\u00e1n es reabierto"},"content":{"rendered":"\n<figure class=\"wp-block-pullquote\"><blockquote><p>Se realizaron trabajos de mantenimiento como la reparaci\u00f3n de pasamanos, resanado de baches en la plataforma y mejoras generales en el acceso.<\/p><\/blockquote><\/figure>\n\n\n\n<p class=\"has-drop-cap\">Tras permanecer cerrado por m\u00e1s de cuatro a\u00f1os, fue reabierto el acceso a la cima de la Pir\u00e1mide de la Luna, en la Zona Arqueol\u00f3gica de Teotihuac\u00e1n (ZAT), tras la autorizaci\u00f3n del Instituto Nacional de Antropolog\u00eda e Historia (INAH).<br><\/p>\n\n\n\n<p>La medida se aplic\u00f3 luego de que durante la pandemia de Covid-19 se restringiera el ascenso de visitantes como parte de los protocolos sanitarios, adem\u00e1s de que sirvi\u00f3 para preservar la estructura prehisp\u00e1nica.<br><\/p>\n\n\n\n<p>El director de la ZAT, Rogelio Rivero Chong, notific\u00f3 mediante un oficio a la directora de operaci\u00f3n de sitios del INAH, Vania Carrillo Bosch, que, por instrucci\u00f3n verbal del director general del instituto, se pod\u00eda permitir nuevamente el acceso a la pir\u00e1mide.<br><\/p>\n\n\n\n<p>En el documento, Rivero Chong advierte sobre posibles riesgos como accidentes por ca\u00edda; en tal caso, se solicitar\u00e1 el apoyo de Protecci\u00f3n Civil, ya que la zona no cuenta con servicio m\u00e9dico, puntualiza.<br><\/p>\n\n\n\n<p>Para facilitar el ascenso y reducir riesgos, se realizaron trabajos de mantenimiento como la reparaci\u00f3n de pasamanos, resanado de baches en la plataforma y mejoras generales en el acceso.<br><\/p>\n\n\n\n<p>Personal de seguridad retir\u00f3 los cordones restrictivos en la base de la pir\u00e1mide, ubicada al final de la Calzada de los Muertos, lo que marc\u00f3 la reapertura formal al p\u00fablico. Decenas de visitantes aprovecharon la oportunidad para volver a subir a uno de los monumentos m\u00e1s emblem\u00e1ticos del pa\u00eds.<\/p>\n","protected":false},"excerpt":{"rendered":"<p>Se realizaron trabajos de mantenimiento como la reparaci\u00f3n de pasamanos, resanado de baches en la plataforma y mejoras generales en el acceso. Tras permanecer cerrado por m\u00e1s de cuatro a\u00f1os, fue reabierto el acceso a la cima de la Pir\u00e1mide de la Luna, en la Zona Arqueol\u00f3gica de Teotihuac\u00e1n (ZAT), tras la autorizaci\u00f3n del Instituto [&hellip;]<\/p>\n","protected":false},"author":1,"featured_media":83682,"comment_status":"closed","ping_status":"closed","sticky":false,"template":"","format":"standard","meta":{"footnotes":""},"categories":[36],"tags":[],"class_list":["post-83681","post","type-post","status-publish","format-standard","has-post-thumbnail","hentry","category-edomex"],"_links":{"self":[{"href":"https:\/\/elinformante.mx\/index.php?rest_route=\/wp\/v2\/posts\/83681","targetHints":{"allow":["GET"]}}],"collection":[{"href":"https:\/\/elinformante.mx\/index.php?rest_route=\/wp\/v2\/posts"}],"about":[{"href":"https:\/\/elinformante.mx\/index.php?rest_route=\/wp\/v2\/types\/post"}],"author":[{"embeddable":true,"href":"https:\/\/elinformante.mx\/index.php?rest_route=\/wp\/v2\/users\/1"}],"replies":[{"embeddable":true,"href":"https:\/\/elinformante.mx\/index.php?rest_route=%2Fwp%2Fv2%2Fcomments&post=83681"}],"version-history":[{"count":0,"href":"https:\/\/elinformante.mx\/index.php?rest_route=\/wp\/v2\/posts\/83681\/revisions"}],"wp:featuredmedia":[{"embeddable":true,"href":"https:\/\/elinformante.mx\/index.php?rest_route=\/wp\/v2\/media\/83682"}],"wp:attachment":[{"href":"https:\/\/elinformante.mx\/index.php?rest_route=%2Fwp%2Fv2%2Fmedia&parent=83681"}],"wp:term":[{"taxonomy":"category","embeddable":true,"href":"https:\/\/elinformante.mx\/index.php?rest_route=%2Fwp%2Fv2%2Fcategories&post=83681"},{"taxonomy":"post_tag","embeddable":true,"href":"https:\/\/elinformante.mx\/index.php?rest_route=%2Fwp%2Fv2%2Ftags&post=83681"}],"curies":[{"name":"wp","href":"https:\/\/api.w.org\/{rel}","templated":true}]}}