{"id":83688,"date":"2025-05-20T06:14:29","date_gmt":"2025-05-20T12:14:29","guid":{"rendered":"https:\/\/elinformante.mx\/?p=83688"},"modified":"2025-05-20T06:14:31","modified_gmt":"2025-05-20T12:14:31","slug":"ana-muniz-festeja-a-maestros-y-maestras-de-san-mateo-atenco","status":"publish","type":"post","link":"https:\/\/elinformante.mx\/?p=83688","title":{"rendered":"Ana Mu\u00f1iz festeja a maestros y maestras de San Mateo Atenco"},"content":{"rendered":"\n<figure class=\"wp-block-pullquote\"><blockquote><p>Mencion\u00f3 que con el apoyo del presidente honorario del DIF San Mateo Atenco, Oscar Mu\u00f1iz, se continuar\u00e1 acompa\u00f1\u00e1ndoles en su labor de formar atenquenses de coraz\u00f3n.<\/p><\/blockquote><\/figure>\n\n\n\n<p class=\"has-drop-cap\">Comenz\u00f3 los festejos visitando el Barrio de Guadalupe, en la EPO 51, Mu\u00f1iz Neyra reconoci\u00f3 la labor y el trabajo que realizan los docentes, adem\u00e1s del compromiso que tienen con la educaci\u00f3n y formaci\u00f3n de las y los estudiantes atenquenses.<br><\/p>\n\n\n\n<p>Contin\u00fao las visitas, llegando a la Escuela Primaria Amado Nervo, donde Mu\u00f1iz Neyra felict\u00f3 a los docentes, adem\u00e1s de reiterarles que desde su gobierno se han sumado a los esfuerzos para fortalecer la educaci\u00f3n de las y los estudiantes.<br><\/p>\n\n\n\n<p>Mencion\u00f3 que con el apoyo del presidente honorario del DIF San Mateo Atenco, Oscar Mu\u00f1iz, se continuar\u00e1 acompa\u00f1\u00e1ndoles en su labor de formar atenquenses de coraz\u00f3n.<br><\/p>\n\n\n\n<p>Poco despu\u00e9s lleg\u00f3 al Barrio de San Miguel, y en el Jard\u00edn de Ni\u00f1os Rosaura Zapata, rindieron honores a la bandera. Durante la ceremonia, Ana Mu\u00f1iz celebr\u00f3 a los maestros y maestras, a quienes agradeci\u00f3 por ense\u00f1ar con amor y compromiso.<br><\/p>\n\n\n\n<figure class=\"wp-block-image size-large\"><img fetchpriority=\"high\" decoding=\"async\" width=\"1024\" height=\"506\" src=\"https:\/\/elinformante.mx\/wp-content\/uploads\/2025\/05\/11mateo-1024x506.jpg\" alt=\"\" class=\"wp-image-83690\" srcset=\"https:\/\/elinformante.mx\/wp-content\/uploads\/2025\/05\/11mateo-1024x506.jpg 1024w, https:\/\/elinformante.mx\/wp-content\/uploads\/2025\/05\/11mateo-300x148.jpg 300w, https:\/\/elinformante.mx\/wp-content\/uploads\/2025\/05\/11mateo-768x379.jpg 768w, https:\/\/elinformante.mx\/wp-content\/uploads\/2025\/05\/11mateo.jpg 1140w\" sizes=\"(max-width: 1024px) 100vw, 1024px\" \/><\/figure>\n\n\n\n<p>Les agradeci\u00f3 por permitirle acompa\u00f1arlos y compartir un peque\u00f1o presente como muestra de nuestro aprecio, mencionando que \u00fanicamente es una muestra de su reconocimiento y admiraci\u00f3n.<br><\/p>\n\n\n\n<p>En el evento estuvo acompa\u00f1a del presidente honorario del DIF San Mateo Atenco, Oscar Mu\u00f1iz, se\u00f1alando ambos que los maestros son los enlaces de cada instituci\u00f3n, reafirmo que se seguir\u00e1 trabajando de su mano y atendiendo sus peticiones para fortalecer la educaci\u00f3n en nuestro municipio.<br><\/p>\n\n\n\n<p>Para terminar este d\u00eda de visitas y festejos, la presidenta Mu\u00f1iz Neyra visit\u00f3 el Jard\u00edn de Ni\u00f1os Mar\u00eda Enriqueta Camarillo de Pereira, en el Barrio La Magdalena, donde felicit\u00f3 a todo el personal docente, adem\u00e1s de reconocer la gran labor que realizan por las ni\u00f1as y los ni\u00f1os atequenses.<br><\/p>\n\n\n\n<p>Les afirm\u00f3 que su trabajo va m\u00e1s all\u00e1 del aula: porque son formadoras y formadores de nuevas generaciones, pero tambi\u00e9n acompa\u00f1antes, psic\u00f3logas, psic\u00f3logos, y muchas veces el escudo que protege a las infancias en situaciones dif\u00edciles.<br><\/p>\n\n\n\n<p>Y les asegur\u00f3 que con apoyo de nuestros enlaces, desde el Gobierno Municipal de San Mateo Atenco seguiremos atendiendo sus necesidades y acompa\u00f1\u00e1ndoles en esta noble tarea.<\/p>\n","protected":false},"excerpt":{"rendered":"<p>Mencion\u00f3 que con el apoyo del presidente honorario del DIF San Mateo Atenco, Oscar Mu\u00f1iz, se continuar\u00e1 acompa\u00f1\u00e1ndoles en su labor de formar atenquenses de coraz\u00f3n. Comenz\u00f3 los festejos visitando el Barrio de Guadalupe, en la EPO 51, Mu\u00f1iz Neyra reconoci\u00f3 la labor y el trabajo que realizan los docentes, adem\u00e1s del compromiso que tienen [&hellip;]<\/p>\n","protected":false},"author":1,"featured_media":83689,"comment_status":"closed","ping_status":"closed","sticky":false,"template":"","format":"standard","meta":{"footnotes":""},"categories":[36],"tags":[],"class_list":["post-83688","post","type-post","status-publish","format-standard","has-post-thumbnail","hentry","category-edomex"],"_links":{"self":[{"href":"https:\/\/elinformante.mx\/index.php?rest_route=\/wp\/v2\/posts\/83688","targetHints":{"allow":["GET"]}}],"collection":[{"href":"https:\/\/elinformante.mx\/index.php?rest_route=\/wp\/v2\/posts"}],"about":[{"href":"https:\/\/elinformante.mx\/index.php?rest_route=\/wp\/v2\/types\/post"}],"author":[{"embeddable":true,"href":"https:\/\/elinformante.mx\/index.php?rest_route=\/wp\/v2\/users\/1"}],"replies":[{"embeddable":true,"href":"https:\/\/elinformante.mx\/index.php?rest_route=%2Fwp%2Fv2%2Fcomments&post=83688"}],"version-history":[{"count":0,"href":"https:\/\/elinformante.mx\/index.php?rest_route=\/wp\/v2\/posts\/83688\/revisions"}],"wp:featuredmedia":[{"embeddable":true,"href":"https:\/\/elinformante.mx\/index.php?rest_route=\/wp\/v2\/media\/83689"}],"wp:attachment":[{"href":"https:\/\/elinformante.mx\/index.php?rest_route=%2Fwp%2Fv2%2Fmedia&parent=83688"}],"wp:term":[{"taxonomy":"category","embeddable":true,"href":"https:\/\/elinformante.mx\/index.php?rest_route=%2Fwp%2Fv2%2Fcategories&post=83688"},{"taxonomy":"post_tag","embeddable":true,"href":"https:\/\/elinformante.mx\/index.php?rest_route=%2Fwp%2Fv2%2Ftags&post=83688"}],"curies":[{"name":"wp","href":"https:\/\/api.w.org\/{rel}","templated":true}]}}