{"id":83698,"date":"2025-05-20T06:20:33","date_gmt":"2025-05-20T12:20:33","guid":{"rendered":"https:\/\/elinformante.mx\/?p=83698"},"modified":"2025-05-20T06:20:36","modified_gmt":"2025-05-20T12:20:36","slug":"analizan-en-la-uaemex-reponer-o-continuar-con-la-eleccion-de-rectora","status":"publish","type":"post","link":"https:\/\/elinformante.mx\/?p=83698","title":{"rendered":"Analizan en la UAEM\u00e9x reponer o continuar con la elecci\u00f3n de rectora"},"content":{"rendered":"\n<figure class=\"wp-block-pullquote\"><blockquote><p>Se\u00f1al\u00f3 que desde el primer momento pidi\u00f3 al equipo jur\u00eddico revisar todas las opciones posibles, la respuesta que se de debe ser certera y dentro del marco de la legalidad<\/p><\/blockquote><\/figure>\n\n\n\n<p class=\"has-drop-cap\">La Universidad Aut\u00f3noma del Estado de M\u00e9xico (UAEM\u00e9x) se encuentra evaluando si el proceso para elegir a la pr\u00f3xima rectora para el periodo 2025-2029 debe reponerse o continuar bajo los t\u00e9rminos actuales, luego de su suspensi\u00f3n el pasado 12 de mayo debido a la inconformidad estudiantil por falta de transparencia.<br><\/p>\n\n\n\n<p>Isidro Rogel Fajardo, el encargado del despacho de la rector\u00eda, inform\u00f3 que el an\u00e1lisis jur\u00eddico est\u00e1 en curso y busca ofrecer una soluci\u00f3n legalmente sustentada que no prolongue a\u00fan m\u00e1s la incertidumbre institucional.<br><\/p>\n\n\n\n<p>Se\u00f1al\u00f3 que desde el primer momento pidi\u00f3 al equipo jur\u00eddico revisar todas las opciones posibles, la respuesta que se de debe ser certera y dentro del marco de la legalidad, para evitar una controversia que alargue a\u00fan m\u00e1s el proceso.<br><\/p>\n\n\n\n<p>En el proceso, actualmente, se mantienen cinco candidatas en la contienda por la rector\u00eda para el periodo 2025-2029 y, de acuerdo con Rogel Fajardo, no se tomar\u00e1 ninguna decisi\u00f3n sin antes garantizar que el voto y la opini\u00f3n de toda la comunidad universitaria, especialmente de las y los estudiantes, se vean reflejados en la designaci\u00f3n de la pr\u00f3xima rectora.<br><\/p>\n\n\n\n<p>Ser\u00e1 en la pr\u00f3xima sesi\u00f3n del Consejo Universitario, donde se discutir\u00e1 la posibilidad de reponer el proceso, cambiar a la Comisi\u00f3n Especial Electoral y considerar las propuestas planteadas por los consejeros alumnos para un proceso m\u00e1s abierto.<br><\/p>\n\n\n\n<p>\u201cCelebro que nuestros estudiantes hayan hecho propuestas, porque eso enriquece el debate. Pero debemos ser cuidadosos para que cualquier decisi\u00f3n est\u00e9 jur\u00eddicamente fundamentada y no viole derechos de las candidatas ni de la comunidad\u201d, dijo el encargado del despacho.<br><\/p>\n\n\n\n<p>Adem\u00e1s en la conferencia de prensa, las autoridades de la UAEM\u00e9x presentaron un plan para salvar el semestre acad\u00e9mico 2025-A, en consideraci\u00f3n de que, de los 40 espacios universitarios, 25 permanecen en paro y la administraci\u00f3n universitaria ha iniciado di\u00e1logo con sus comunidades para reanudar actividades.<br><\/p>\n\n\n\n<p>Se ha considerado en primer forma, que est\u00e9 pr\u00f3ximo 30 de mayo sea la fecha l\u00edmite para regresar a clases; en este caso, habr\u00eda 15 d\u00edas para recuperaci\u00f3n de contenidos, seguidos de una semana de evaluaciones parciales y otra de ex\u00e1menes ordinarios.<br><\/p>\n\n\n\n<p>En el segundo escenario, se plantea el 15 de junio como fecha tope para reanudar clases; en este caso, se destinar\u00eda una semana a recuperaci\u00f3n y tres semanas para evaluaciones, utilizando el periodo intensivo \u201cJ\u201d, en el que regularmente los estudiantes cursan una o dos asignaturas.<br><\/p>\n\n\n\n<p>Pero afirm\u00f3 encontrarse optimistas porque desde el inicio de esta gesti\u00f3n hemos recibido apertura por parte de los estudiantes para retomar las clases, siempre bajo el compromiso de seguir atendiendo sus pliegos petitorios, afirm\u00f3 el encargado de despacho.<br><\/p>\n\n\n\n<p>Los miembros del gabinete de la UAEM\u00e9x se\u00f1alaron que las finanzas de la instituci\u00f3n son adecuadas y que los servicios esenciales contin\u00faan operando mediante equipos presenciales reducidos y esquemas remotos habilitados en espacios m\u00f3viles.<br><\/p>\n\n\n\n<p>Adem\u00e1s se\u00f1alaron que el proceso de ingreso a la universidad no se ha detenido, las evaluaciones de nuevo ingreso ya fueron calificadas por el Ceneval y los resultados se publicar\u00e1n conforme al calendario establecido: el domingo 25 de mayo para nivel superior y el mi\u00e9rcoles 28 de mayo para nivel medio superior.<\/p>\n","protected":false},"excerpt":{"rendered":"<p>Se\u00f1al\u00f3 que desde el primer momento pidi\u00f3 al equipo jur\u00eddico revisar todas las opciones posibles, la respuesta que se de debe ser certera y dentro del marco de la legalidad La Universidad Aut\u00f3noma del Estado de M\u00e9xico (UAEM\u00e9x) se encuentra evaluando si el proceso para elegir a la pr\u00f3xima rectora para el periodo 2025-2029 debe [&hellip;]<\/p>\n","protected":false},"author":1,"featured_media":83699,"comment_status":"closed","ping_status":"closed","sticky":false,"template":"","format":"standard","meta":{"footnotes":""},"categories":[30,36],"tags":[],"class_list":["post-83698","post","type-post","status-publish","format-standard","has-post-thumbnail","hentry","category-destacado","category-edomex"],"_links":{"self":[{"href":"https:\/\/elinformante.mx\/index.php?rest_route=\/wp\/v2\/posts\/83698","targetHints":{"allow":["GET"]}}],"collection":[{"href":"https:\/\/elinformante.mx\/index.php?rest_route=\/wp\/v2\/posts"}],"about":[{"href":"https:\/\/elinformante.mx\/index.php?rest_route=\/wp\/v2\/types\/post"}],"author":[{"embeddable":true,"href":"https:\/\/elinformante.mx\/index.php?rest_route=\/wp\/v2\/users\/1"}],"replies":[{"embeddable":true,"href":"https:\/\/elinformante.mx\/index.php?rest_route=%2Fwp%2Fv2%2Fcomments&post=83698"}],"version-history":[{"count":0,"href":"https:\/\/elinformante.mx\/index.php?rest_route=\/wp\/v2\/posts\/83698\/revisions"}],"wp:featuredmedia":[{"embeddable":true,"href":"https:\/\/elinformante.mx\/index.php?rest_route=\/wp\/v2\/media\/83699"}],"wp:attachment":[{"href":"https:\/\/elinformante.mx\/index.php?rest_route=%2Fwp%2Fv2%2Fmedia&parent=83698"}],"wp:term":[{"taxonomy":"category","embeddable":true,"href":"https:\/\/elinformante.mx\/index.php?rest_route=%2Fwp%2Fv2%2Fcategories&post=83698"},{"taxonomy":"post_tag","embeddable":true,"href":"https:\/\/elinformante.mx\/index.php?rest_route=%2Fwp%2Fv2%2Ftags&post=83698"}],"curies":[{"name":"wp","href":"https:\/\/api.w.org\/{rel}","templated":true}]}}