{"id":83717,"date":"2025-05-20T06:50:06","date_gmt":"2025-05-20T12:50:06","guid":{"rendered":"https:\/\/elinformante.mx\/?p=83717"},"modified":"2025-05-20T06:50:08","modified_gmt":"2025-05-20T12:50:08","slug":"reconoce-alessandra-rojo-de-la-vega-a-mamas-trabajadoras-de-cuauhtemoc","status":"publish","type":"post","link":"https:\/\/elinformante.mx\/?p=83717","title":{"rendered":"Reconoce Alessandra Rojo de la Vega a mam\u00e1s trabajadoras de Cuauht\u00e9moc"},"content":{"rendered":"\n<figure class=\"wp-block-pullquote\"><blockquote><p>La alcaldesa reafirm\u00f3 el compromiso de dignificar los espacios laborales del personal que hace posible el cambio en Cuauht\u00e9moc.<\/p><\/blockquote><\/figure>\n\n\n\n<p class=\"has-drop-cap\">En un acto de celebraci\u00f3n y reconocimiento, el Gobierno que encabeza Alessandra Rojo de la Vega homenaje\u00f3 a las mam\u00e1s trabajadoras de la Alcald\u00eda Cuauht\u00e9moc, quienes, asegur\u00f3, forman parte fundamental de las acciones diarias que est\u00e1n logrando el cambio de verdad en la demarcaci\u00f3n.<br><\/p>\n\n\n\n<p>Cerca de 2500 mujeres que laboran en distintas \u00e1reas de la administraci\u00f3n local participaron en este evento, donde la alcaldesa agradeci\u00f3 su entrega y liderazgo.<br><\/p>\n\n\n\n<p>\u201cMuchas veces las mujeres nos dejamos al final. Hoy quer\u00edamos festejarlas, reconocer todo lo que hacen en la calle y en casa. Sin ustedes no ser\u00edamos lo que somos hoy en Cuauht\u00e9moc\u201d, afirm\u00f3.<br><\/p>\n\n\n\n<p>La mandataria destac\u00f3 tambi\u00e9n los avances en la dignificaci\u00f3n de los espacios laborales del personal, como la rehabilitaci\u00f3n de ba\u00f1os en distintas \u00e1reas operativas, que durante a\u00f1os fueron ignorados.<br><\/p>\n\n\n\n<p>\u201cYa dignificamos los ba\u00f1os de las mujeres de limpia, los de nuestra polic\u00eda, y vienen m\u00e1s. Sabemos que merecen condiciones dignas para trabajar y estamos atendiendo ese pendiente\u201d, subray\u00f3.<br><\/p>\n\n\n\n<p>Alessandra Rojo de la Vega se\u00f1al\u00f3 que, si bien los recursos son limitados, se est\u00e1n invirtiendo de forma estrat\u00e9gica en calles, banquetas, parques y espacios p\u00fablicos, pero tambi\u00e9n en mejorar las condiciones laborales del equipo que hace posible ese trabajo.<br><\/p>\n\n\n\n<p>La celebraci\u00f3n se vivi\u00f3 como una verdadera fiesta, con m\u00fasica, regalos, rifas y momentos de convivencia entre la alcaldesa y las mam\u00e1s trabajadoras, en un ambiente de cercan\u00eda y gratitud. \u201cVan a ver que este ser\u00e1 el mejor gobierno posible y ser\u00e1 con ustedes, hombro a hombro, como vamos a sacar adelante a Cuauht\u00e9moc\u201d, concluy\u00f3.<\/p>\n","protected":false},"excerpt":{"rendered":"<p>La alcaldesa reafirm\u00f3 el compromiso de dignificar los espacios laborales del personal que hace posible el cambio en Cuauht\u00e9moc. En un acto de celebraci\u00f3n y reconocimiento, el Gobierno que encabeza Alessandra Rojo de la Vega homenaje\u00f3 a las mam\u00e1s trabajadoras de la Alcald\u00eda Cuauht\u00e9moc, quienes, asegur\u00f3, forman parte fundamental de las acciones diarias que est\u00e1n [&hellip;]<\/p>\n","protected":false},"author":1,"featured_media":83718,"comment_status":"closed","ping_status":"closed","sticky":false,"template":"","format":"standard","meta":{"footnotes":""},"categories":[36],"tags":[],"class_list":["post-83717","post","type-post","status-publish","format-standard","has-post-thumbnail","hentry","category-edomex"],"_links":{"self":[{"href":"https:\/\/elinformante.mx\/index.php?rest_route=\/wp\/v2\/posts\/83717","targetHints":{"allow":["GET"]}}],"collection":[{"href":"https:\/\/elinformante.mx\/index.php?rest_route=\/wp\/v2\/posts"}],"about":[{"href":"https:\/\/elinformante.mx\/index.php?rest_route=\/wp\/v2\/types\/post"}],"author":[{"embeddable":true,"href":"https:\/\/elinformante.mx\/index.php?rest_route=\/wp\/v2\/users\/1"}],"replies":[{"embeddable":true,"href":"https:\/\/elinformante.mx\/index.php?rest_route=%2Fwp%2Fv2%2Fcomments&post=83717"}],"version-history":[{"count":0,"href":"https:\/\/elinformante.mx\/index.php?rest_route=\/wp\/v2\/posts\/83717\/revisions"}],"wp:featuredmedia":[{"embeddable":true,"href":"https:\/\/elinformante.mx\/index.php?rest_route=\/wp\/v2\/media\/83718"}],"wp:attachment":[{"href":"https:\/\/elinformante.mx\/index.php?rest_route=%2Fwp%2Fv2%2Fmedia&parent=83717"}],"wp:term":[{"taxonomy":"category","embeddable":true,"href":"https:\/\/elinformante.mx\/index.php?rest_route=%2Fwp%2Fv2%2Fcategories&post=83717"},{"taxonomy":"post_tag","embeddable":true,"href":"https:\/\/elinformante.mx\/index.php?rest_route=%2Fwp%2Fv2%2Ftags&post=83717"}],"curies":[{"name":"wp","href":"https:\/\/api.w.org\/{rel}","templated":true}]}}