{"id":83729,"date":"2025-05-20T07:01:21","date_gmt":"2025-05-20T13:01:21","guid":{"rendered":"https:\/\/elinformante.mx\/?p=83729"},"modified":"2025-05-20T07:01:22","modified_gmt":"2025-05-20T13:01:22","slug":"impulsan-ciitras-en-puebla-la-revolucion-tecnologica-para-el-desarrollo-agropecuario","status":"publish","type":"post","link":"https:\/\/elinformante.mx\/?p=83729","title":{"rendered":"Impulsan CIITRAs en Puebla la revoluci\u00f3n tecnol\u00f3gica para el desarrollo agropecuario"},"content":{"rendered":"\n<figure class=\"wp-block-pullquote\"><blockquote><p>-Con estos proyectos, el gobierno de Puebla, sumado a la estrategia de la presidenta de M\u00e9xico, Claudia Sheinbaum, abona a la soberan\u00eda alimentaria.<\/p><\/blockquote><\/figure>\n\n\n\n<p class=\"has-drop-cap\">Con la finalidad de contribuir al desarrollo econ\u00f3mico en el Estado de Puebla, los Centros Integrales de Innovaci\u00f3n y Transformaci\u00f3n Agroindustrial del Estado (CIITRA), permitir\u00e1n una revoluci\u00f3n tecnol\u00f3gica a favor del sector primario de la econom\u00eda, as\u00ed lo asegur\u00f3 el gobernador de Puebla, Alejandro Armenta.<br><\/p>\n\n\n\n<p>El mandatario estatal puntualiz\u00f3 que los CIITRAs, para este primer a\u00f1o, tendr\u00e1n una inversi\u00f3n de 110 millones de pesos. Lo anterior, bajo la estrategia de soberan\u00eda alimentaria y modelo end\u00f3geno de desarrollo que encabeza la presidenta de M\u00e9xico, Claudia Sheinbaum.<br><\/p>\n\n\n\n<p>El coordinador de gabinete, Jos\u00e9 Luis Garc\u00eda Parra, afirm\u00f3 que esta iniciativa impulsada por el gobernador de Puebla, Alejandro Armenta, busca la revoluci\u00f3n tecnol\u00f3gica para el desarrollo agropecuario e inform\u00f3 que en pr\u00f3ximos d\u00edas se pondr\u00e1n en operaci\u00f3n los tres primeros CIITRA, los cuales estar\u00e1n ubicados en Huejotzingo para procesar alimentos deshidratados, en San Jos\u00e9 Chiapa para la producci\u00f3n de caf\u00e9 y en la Mixteca Poblana para el envasado del mezcal.<br><\/p>\n\n\n\n<p>Detall\u00f3 que mediante este modelo se procesar\u00e1n en forma agroindustrial productos a trav\u00e9s de universidades e instituciones tecnol\u00f3gicas, a fin de tambi\u00e9n impulsar su formaci\u00f3n profesional y pr\u00e1ctica.<br><\/p>\n\n\n\n<p>\u201cEstos centros de innovaci\u00f3n y transformaci\u00f3n que se han planteado para realizarse en esta administraci\u00f3n, beneficiar\u00e1 en distintos \u00e1mbitos, el econ\u00f3mico, el educativo, el tecnol\u00f3gico, desde luego en materia de sustentabilidad, en materia de salud y en materia agropecuaria\u201d, asever\u00f3 el coordinador de gabinete.<br><\/p>\n\n\n\n<p>Por \u00faltimo, Jos\u00e9 Luis Garc\u00eda Parra puntualiz\u00f3 que se contar\u00e1 con un CIITRA en las 27 microrregiones del Estado de Puebla, con el prop\u00f3sito de fortalecer la capacidad econ\u00f3mica e impulsar la vocaci\u00f3n de cada una de las regiones, y de esta manera concretar la riqueza comunitaria. Adem\u00e1s detall\u00f3 que estos productos que se generen ser\u00e1n comercializados en tiendas de conveniencia y en escuelas, adem\u00e1s que ser\u00e1n parte de la marca 5 de Mayo.<\/p>\n","protected":false},"excerpt":{"rendered":"<p>-Con estos proyectos, el gobierno de Puebla, sumado a la estrategia de la presidenta de M\u00e9xico, Claudia Sheinbaum, abona a la soberan\u00eda alimentaria. Con la finalidad de contribuir al desarrollo econ\u00f3mico en el Estado de Puebla, los Centros Integrales de Innovaci\u00f3n y Transformaci\u00f3n Agroindustrial del Estado (CIITRA), permitir\u00e1n una revoluci\u00f3n tecnol\u00f3gica a favor del sector [&hellip;]<\/p>\n","protected":false},"author":1,"featured_media":83730,"comment_status":"closed","ping_status":"closed","sticky":false,"template":"","format":"standard","meta":{"footnotes":""},"categories":[1],"tags":[],"class_list":["post-83729","post","type-post","status-publish","format-standard","has-post-thumbnail","hentry","category-sin-categoria"],"_links":{"self":[{"href":"https:\/\/elinformante.mx\/index.php?rest_route=\/wp\/v2\/posts\/83729","targetHints":{"allow":["GET"]}}],"collection":[{"href":"https:\/\/elinformante.mx\/index.php?rest_route=\/wp\/v2\/posts"}],"about":[{"href":"https:\/\/elinformante.mx\/index.php?rest_route=\/wp\/v2\/types\/post"}],"author":[{"embeddable":true,"href":"https:\/\/elinformante.mx\/index.php?rest_route=\/wp\/v2\/users\/1"}],"replies":[{"embeddable":true,"href":"https:\/\/elinformante.mx\/index.php?rest_route=%2Fwp%2Fv2%2Fcomments&post=83729"}],"version-history":[{"count":0,"href":"https:\/\/elinformante.mx\/index.php?rest_route=\/wp\/v2\/posts\/83729\/revisions"}],"wp:featuredmedia":[{"embeddable":true,"href":"https:\/\/elinformante.mx\/index.php?rest_route=\/wp\/v2\/media\/83730"}],"wp:attachment":[{"href":"https:\/\/elinformante.mx\/index.php?rest_route=%2Fwp%2Fv2%2Fmedia&parent=83729"}],"wp:term":[{"taxonomy":"category","embeddable":true,"href":"https:\/\/elinformante.mx\/index.php?rest_route=%2Fwp%2Fv2%2Fcategories&post=83729"},{"taxonomy":"post_tag","embeddable":true,"href":"https:\/\/elinformante.mx\/index.php?rest_route=%2Fwp%2Fv2%2Ftags&post=83729"}],"curies":[{"name":"wp","href":"https:\/\/api.w.org\/{rel}","templated":true}]}}